{"id":4486,"date":"2021-01-07T14:30:59","date_gmt":"2021-01-07T13:30:59","guid":{"rendered":"http:\/\/agora.xtec.cat\/esc-jmaragall-sabadell\/?p=4486"},"modified":"2021-01-07T14:31:10","modified_gmt":"2021-01-07T13:31:10","slug":"festa-de-nadal","status":"publish","type":"post","link":"https:\/\/agora.xtec.cat\/esc-jmaragall-sabadell\/general\/festa-de-nadal\/","title":{"rendered":"Festa de Nadal"},"content":{"rendered":"<p>Benvolgudes fam\u00edlies,<\/p>\n<p>Els nens i nenes d&#8217;Educaci\u00f3 Infantil i Prim\u00e0ria van estar ballant i cantant diferents can\u00e7ons per finalitzar de la millor manera possible la festa de Nadal i despedir aix\u00ed l&#8217;\u00faltim dia d&#8217;escola de l&#8217;any 2020.<\/p>\n<p><a href=\"https:\/\/youtu.be\/sCrPoyRj_7M\">https:\/\/youtu.be\/sCrPoyRj_7M<\/a><\/p>\n<p><a href=\"https:\/\/youtu.be\/BTiNdv2XU9Q\">https:\/\/youtu.be\/BTiNdv2XU9Q<\/a><\/p>\n<p><iframe loading=\"lazy\" title=\"Festa de Nadal. Cicle Mitj\u00e0\" width=\"500\" height=\"281\" src=\"https:\/\/www.youtube.com\/embed\/gpIFyEC3QDM?feature=oembed\" frameborder=\"0\" allow=\"accelerometer; autoplay; clipboard-write; encrypted-media; gyroscope; picture-in-picture; web-share\" referrerpolicy=\"strict-origin-when-cross-origin\" allowfullscreen><\/iframe><\/p>\n<p><a href=\"https:\/\/youtu.be\/p5mRlwVsYA8\">https:\/\/youtu.be\/p5mRlwVsYA8<\/a><\/p>\n<p><iframe loading=\"lazy\" title=\"Festa de Nadal. 5\u00e8 B\" width=\"500\" height=\"281\" src=\"https:\/\/www.youtube.com\/embed\/ZLMbWLkelt8?feature=oembed\" frameborder=\"0\" allow=\"accelerometer; autoplay; clipboard-write; encrypted-media; gyroscope; picture-in-picture; web-share\" referrerpolicy=\"strict-origin-when-cross-origin\" allowfullscreen><\/iframe><\/p>\n<p><iframe loading=\"lazy\" title=\"Festa de Nadal. 6\u00e8 A\" width=\"500\" height=\"281\" src=\"https:\/\/www.youtube.com\/embed\/SDEjixW3SJE?feature=oembed\" frameborder=\"0\" allow=\"accelerometer; autoplay; clipboard-write; encrypted-media; gyroscope; picture-in-picture; web-share\" referrerpolicy=\"strict-origin-when-cross-origin\" allowfullscreen><\/iframe><\/p>\n<p><iframe loading=\"lazy\" title=\"Festa de Nadal. 6\u00e8 B\" width=\"500\" height=\"281\" src=\"https:\/\/www.youtube.com\/embed\/i_U5pCR88X8?feature=oembed\" frameborder=\"0\" allow=\"accelerometer; autoplay; clipboard-write; encrypted-media; gyroscope; picture-in-picture; web-share\" referrerpolicy=\"strict-origin-when-cross-origin\" allowfullscreen><\/iframe><\/p>\n","protected":false},"excerpt":{"rendered":"<p>Benvolgudes fam\u00edlies,<br \/>\nEls nens i nenes d&#8217;Educaci\u00f3 Infantil i Prim\u00e0ria van estar ballant i cantant diferents can\u00e7ons per finalitzar de la millor manera possible la festa de Nadal i despedir aix\u00ed l&#8217;\u00faltim dia d&#8217;escola de l&#8217;any 2020.<br \/>\n<a href=\"https:\/\/youtu.be\/sCrPoyRj_7M\">https:\/\/youtu.be\/sCrPoyRj_7M<\/a><br \/>\n<a href=\"https:\/\/youtu.be\/BTiNdv2XU9Q\">https:\/\/youtu.be\/BTiNdv2XU9Q<\/a><\/p>\n<p><a href=\"https:\/\/youtu.be\/p5mRlwVsYA8\">https:\/\/youtu.be\/p5mRlwVsYA8<\/a><\/p>\n","protected":false},"author":1,"featured_media":0,"comment_status":"open","ping_status":"closed","sticky":false,"template":"","format":"standard","meta":{"_bbp_topic_count":0,"_bbp_reply_count":0,"_bbp_total_topic_count":0,"_bbp_total_reply_count":0,"_bbp_voice_count":0,"_bbp_anonymous_reply_count":0,"_bbp_topic_count_hidden":0,"_bbp_reply_count_hidden":0,"_bbp_forum_subforum_count":0,"footnotes":""},"categories":[245,219,190,120,3,8,1,2,4,5,9,55,11,57,10,56],"tags":[],"class_list":["post-4486","post","type-post","status-publish","format-standard","hentry","category-245","category-219","category-190","category-120","category-3","category-8","category-general","category-infantil","category-portada","category-primaria","category-1423a","category-1423b","category-1221a","category-1221b","category-1322a","category-1322b"],"post_mailing_queue_ids":[],"_links":{"self":[{"href":"https:\/\/agora.xtec.cat\/esc-jmaragall-sabadell\/wp-json\/wp\/v2\/posts\/4486","targetHints":{"allow":["GET"]}}],"collection":[{"href":"https:\/\/agora.xtec.cat\/esc-jmaragall-sabadell\/wp-json\/wp\/v2\/posts"}],"about":[{"href":"https:\/\/agora.xtec.cat\/esc-jmaragall-sabadell\/wp-json\/wp\/v2\/types\/post"}],"author":[{"embeddable":true,"href":"https:\/\/agora.xtec.cat\/esc-jmaragall-sabadell\/wp-json\/wp\/v2\/users\/1"}],"replies":[{"embeddable":true,"href":"https:\/\/agora.xtec.cat\/esc-jmaragall-sabadell\/wp-json\/wp\/v2\/comments?post=4486"}],"version-history":[{"count":1,"href":"https:\/\/agora.xtec.cat\/esc-jmaragall-sabadell\/wp-json\/wp\/v2\/posts\/4486\/revisions"}],"predecessor-version":[{"id":4487,"href":"https:\/\/agora.xtec.cat\/esc-jmaragall-sabadell\/wp-json\/wp\/v2\/posts\/4486\/revisions\/4487"}],"wp:attachment":[{"href":"https:\/\/agora.xtec.cat\/esc-jmaragall-sabadell\/wp-json\/wp\/v2\/media?parent=4486"}],"wp:term":[{"taxonomy":"category","embeddable":true,"href":"https:\/\/agora.xtec.cat\/esc-jmaragall-sabadell\/wp-json\/wp\/v2\/categories?post=4486"},{"taxonomy":"post_tag","embeddable":true,"href":"https:\/\/agora.xtec.cat\/esc-jmaragall-sabadell\/wp-json\/wp\/v2\/tags?post=4486"}],"curies":[{"name":"wp","href":"https:\/\/api.w.org\/{rel}","templated":true}]}}