{"id":4483,"date":"2021-01-07T14:01:48","date_gmt":"2021-01-07T13:01:48","guid":{"rendered":"http:\/\/agora.xtec.cat\/esc-jmaragall-sabadell\/?p=4483"},"modified":"2021-01-07T14:02:44","modified_gmt":"2021-01-07T13:02:44","slug":"la-magia-del-nadal-educacio-primaria","status":"publish","type":"post","link":"https:\/\/agora.xtec.cat\/esc-jmaragall-sabadell\/general\/la-magia-del-nadal-educacio-primaria\/","title":{"rendered":"La m\u00e0gia del Nadal. Educaci\u00f3 Prim\u00e0ria"},"content":{"rendered":"<p>Benvolgudes fam\u00edlies,<\/p>\n<p>Us mostrem un petit resum de la trobada d&#8217;Educaci\u00f3 Prim\u00e0ria amb el Pare Noel!<\/p>\n<p><a href=\"https:\/\/youtu.be\/ZwrNkur4TgM\">https:\/\/youtu.be\/ZwrNkur4TgM<\/a><\/p>\n","protected":false},"excerpt":{"rendered":"<p>Benvolgudes fam\u00edlies,<br \/>\nUs mostrem un petit resum de la trobada d&#8217;Educaci\u00f3 Prim\u00e0ria amb el Pare Noel!<br \/>\n<a href=\"https:\/\/youtu.be\/ZwrNkur4TgM\">https:\/\/youtu.be\/ZwrNkur4TgM<\/a><\/p>\n","protected":false},"author":1,"featured_media":0,"comment_status":"open","ping_status":"closed","sticky":false,"template":"","format":"standard","meta":{"_bbp_topic_count":0,"_bbp_reply_count":0,"_bbp_total_topic_count":0,"_bbp_total_reply_count":0,"_bbp_voice_count":0,"_bbp_anonymous_reply_count":0,"_bbp_topic_count_hidden":0,"_bbp_reply_count_hidden":0,"_bbp_forum_subforum_count":0,"footnotes":""},"categories":[120,3,8,1,4,5,9,55,11,57,10,56],"tags":[],"class_list":["post-4483","post","type-post","status-publish","format-standard","hentry","category-120","category-3","category-8","category-general","category-portada","category-primaria","category-1423a","category-1423b","category-1221a","category-1221b","category-1322a","category-1322b"],"post_mailing_queue_ids":[],"_links":{"self":[{"href":"https:\/\/agora.xtec.cat\/esc-jmaragall-sabadell\/wp-json\/wp\/v2\/posts\/4483","targetHints":{"allow":["GET"]}}],"collection":[{"href":"https:\/\/agora.xtec.cat\/esc-jmaragall-sabadell\/wp-json\/wp\/v2\/posts"}],"about":[{"href":"https:\/\/agora.xtec.cat\/esc-jmaragall-sabadell\/wp-json\/wp\/v2\/types\/post"}],"author":[{"embeddable":true,"href":"https:\/\/agora.xtec.cat\/esc-jmaragall-sabadell\/wp-json\/wp\/v2\/users\/1"}],"replies":[{"embeddable":true,"href":"https:\/\/agora.xtec.cat\/esc-jmaragall-sabadell\/wp-json\/wp\/v2\/comments?post=4483"}],"version-history":[{"count":2,"href":"https:\/\/agora.xtec.cat\/esc-jmaragall-sabadell\/wp-json\/wp\/v2\/posts\/4483\/revisions"}],"predecessor-version":[{"id":4485,"href":"https:\/\/agora.xtec.cat\/esc-jmaragall-sabadell\/wp-json\/wp\/v2\/posts\/4483\/revisions\/4485"}],"wp:attachment":[{"href":"https:\/\/agora.xtec.cat\/esc-jmaragall-sabadell\/wp-json\/wp\/v2\/media?parent=4483"}],"wp:term":[{"taxonomy":"category","embeddable":true,"href":"https:\/\/agora.xtec.cat\/esc-jmaragall-sabadell\/wp-json\/wp\/v2\/categories?post=4483"},{"taxonomy":"post_tag","embeddable":true,"href":"https:\/\/agora.xtec.cat\/esc-jmaragall-sabadell\/wp-json\/wp\/v2\/tags?post=4483"}],"curies":[{"name":"wp","href":"https:\/\/api.w.org\/{rel}","templated":true}]}}