{"id":4360,"date":"2020-10-31T16:18:01","date_gmt":"2020-10-31T15:18:01","guid":{"rendered":"http:\/\/agora.xtec.cat\/esc-jmaragall-sabadell\/?p=4360"},"modified":"2020-10-31T16:18:40","modified_gmt":"2020-10-31T15:18:40","slug":"nens-i-nenes-de-p5","status":"publish","type":"post","link":"https:\/\/agora.xtec.cat\/esc-jmaragall-sabadell\/general\/nens-i-nenes-de-p5\/","title":{"rendered":"Nens i nenes de P5"},"content":{"rendered":"<div style=\"width: 368px;\" class=\"wp-video\"><!--[if lt IE 9]><script>document.createElement('video');<\/script><![endif]-->\n<video class=\"wp-video-shortcode\" id=\"video-4360-1\" width=\"368\" height=\"368\" preload=\"metadata\" controls=\"controls\"><source type=\"video\/mp4\" src=\"https:\/\/agora.xtec.cat\/esc-jmaragall-sabadell\/wp-content\/uploads\/usu1082\/2020\/10\/XiaoYing_Video_1604156917225.mp4?_=1\" \/><a href=\"https:\/\/agora.xtec.cat\/esc-jmaragall-sabadell\/wp-content\/uploads\/usu1082\/2020\/10\/XiaoYing_Video_1604156917225.mp4\">https:\/\/agora.xtec.cat\/esc-jmaragall-sabadell\/wp-content\/uploads\/usu1082\/2020\/10\/XiaoYing_Video_1604156917225.mp4<\/a><\/video><\/div>\n<p>&nbsp;<\/p>\n<p>Hola families, ja portem un mes d&#8217;escola i tot i que \u00e9s un curs &#8220;especial&#8221; hem de dir que els nens i nenes venen molt contents i amb ganes d&#8217;aprendre.<\/p>\n<p>Com ja sabeu som la classe de la Mimosa i fa uns dies al pati i pel carrer van trobar cargols i hem volgut aprendre coses sobre aquest animal. Ja saben algunes coses sobre ells per\u00f2 volen saber m\u00e9s com per exemple com neixen?, Si tenen llengua, si fan pip\u00ed, etc&#8230; \u00c9s per aix\u00f2 que a la classe hem comen\u00e7at a fer activitats molt xules.<\/p>\n<p>Us deixem algunes fotos i m\u00e9s endavant us anirem ensenyant tot el que anem fent.<\/p>\n<p>&nbsp;<\/p>\n","protected":false},"excerpt":{"rendered":"<p><a href=\"https:\/\/agora.xtec.cat\/esc-jmaragall-sabadell\/wp-content\/uploads\/usu1082\/2020\/10\/XiaoYing_Video_1604156917225.mp4\">https:\/\/agora.xtec.cat\/esc-jmaragall-sabadell\/wp-content\/uploads\/usu1082\/2020\/10\/XiaoYing_Video_1604156917225.mp4<\/a><br \/>\n&nbsp;<br \/>\nHola families, ja portem un mes d&#8217;escola i tot i que \u00e9s un curs &#8220;especial&#8221; hem de dir que els nens i nenes venen molt contents i amb ganes d&#8217;aprendre.<br \/>\nCom ja sabeu som la classe de la Mimosa i fa uns dies al pati&hellip;  <a href=\"https:\/\/agora.xtec.cat\/esc-jmaragall-sabadell\/general\/nens-i-nenes-de-p5\/\" title=\"Read Nens i nenes de P5\">Llegeix m\u00e9s\u00bb<\/a><\/p>\n","protected":false},"author":6,"featured_media":0,"comment_status":"open","ping_status":"closed","sticky":false,"template":"","format":"standard","meta":{"_bbp_topic_count":0,"_bbp_reply_count":0,"_bbp_total_topic_count":0,"_bbp_total_reply_count":0,"_bbp_voice_count":0,"_bbp_anonymous_reply_count":0,"_bbp_topic_count_hidden":0,"_bbp_reply_count_hidden":0,"_bbp_forum_subforum_count":0,"footnotes":""},"categories":[190,1,2,4],"tags":[],"class_list":["post-4360","post","type-post","status-publish","format-standard","hentry","category-190","category-general","category-infantil","category-portada"],"post_mailing_queue_ids":[],"_links":{"self":[{"href":"https:\/\/agora.xtec.cat\/esc-jmaragall-sabadell\/wp-json\/wp\/v2\/posts\/4360","targetHints":{"allow":["GET"]}}],"collection":[{"href":"https:\/\/agora.xtec.cat\/esc-jmaragall-sabadell\/wp-json\/wp\/v2\/posts"}],"about":[{"href":"https:\/\/agora.xtec.cat\/esc-jmaragall-sabadell\/wp-json\/wp\/v2\/types\/post"}],"author":[{"embeddable":true,"href":"https:\/\/agora.xtec.cat\/esc-jmaragall-sabadell\/wp-json\/wp\/v2\/users\/6"}],"replies":[{"embeddable":true,"href":"https:\/\/agora.xtec.cat\/esc-jmaragall-sabadell\/wp-json\/wp\/v2\/comments?post=4360"}],"version-history":[{"count":2,"href":"https:\/\/agora.xtec.cat\/esc-jmaragall-sabadell\/wp-json\/wp\/v2\/posts\/4360\/revisions"}],"predecessor-version":[{"id":4371,"href":"https:\/\/agora.xtec.cat\/esc-jmaragall-sabadell\/wp-json\/wp\/v2\/posts\/4360\/revisions\/4371"}],"wp:attachment":[{"href":"https:\/\/agora.xtec.cat\/esc-jmaragall-sabadell\/wp-json\/wp\/v2\/media?parent=4360"}],"wp:term":[{"taxonomy":"category","embeddable":true,"href":"https:\/\/agora.xtec.cat\/esc-jmaragall-sabadell\/wp-json\/wp\/v2\/categories?post=4360"},{"taxonomy":"post_tag","embeddable":true,"href":"https:\/\/agora.xtec.cat\/esc-jmaragall-sabadell\/wp-json\/wp\/v2\/tags?post=4360"}],"curies":[{"name":"wp","href":"https:\/\/api.w.org\/{rel}","templated":true}]}}