{"id":4314,"date":"2020-06-11T17:36:45","date_gmt":"2020-06-11T15:36:45","guid":{"rendered":"http:\/\/agora.xtec.cat\/esc-jmaragall-sabadell\/?p=4314"},"modified":"2020-06-11T17:40:32","modified_gmt":"2020-06-11T15:40:32","slug":"el-projecte-dels-invents-ha-causat-sensacions","status":"publish","type":"post","link":"https:\/\/agora.xtec.cat\/esc-jmaragall-sabadell\/general\/el-projecte-dels-invents-ha-causat-sensacions\/","title":{"rendered":"El projecte dels invents ha causat sensacions"},"content":{"rendered":"<p>Avui s&#8217;ha publicat a les xarxes socials de l&#8217;Ajuntament de Sabadell el projecte col\u2022laboratiu entre l&#8217;Escola Joan Maragall i el Museu d&#8217;hist\u00f2ria de Sabadell.<\/p>\n<p>https:\/\/sabadell.cat\/ca\/destaquem-cultura\/139753-exposicio-invents-col-laboracio-entre-el-mhs-i-l-escola-joan-maragall<\/p>\n<p>Gr\u00e0cies a l&#8217;alumnat de 6\u00e8 B i al Museu d&#8217;hist\u00f2ria de Sabadell, concretament a la Isabel Argany, sense la teva ajuda i predisposici\u00f3 no hauria estat possible. Donades les circumst\u00e0ncies ens donem per satisfets\/es amb els resultats i la experi\u00e8ncia viscuda!<\/p>\n","protected":false},"excerpt":{"rendered":"<p>Avui s&#8217;ha publicat a les xarxes socials de l&#8217;Ajuntament de Sabadell el projecte col\u2022laboratiu entre l&#8217;Escola Joan Maragall i el Museu d&#8217;hist\u00f2ria de Sabadell.<br \/>\nhttps:\/\/sabadell.cat\/ca\/destaquem-cultura\/139753-exposicio-invents-col-laboracio-entre-el-mhs-i-l-escola-joan-maragall<br \/>\nGr\u00e0cies a l&#8217;alumnat de 6\u00e8 B i al Museu d&#8217;hist\u00f2ria de Sabadell, concretament a la Isabel Argany, sense la teva ajuda i&hellip;  <a href=\"https:\/\/agora.xtec.cat\/esc-jmaragall-sabadell\/general\/el-projecte-dels-invents-ha-causat-sensacions\/\" title=\"Read El projecte dels invents ha causat sensacions\">Llegeix m\u00e9s\u00bb<\/a><\/p>\n","protected":false},"author":36,"featured_media":4320,"comment_status":"open","ping_status":"closed","sticky":false,"template":"","format":"standard","meta":{"_bbp_topic_count":0,"_bbp_reply_count":0,"_bbp_total_topic_count":0,"_bbp_total_reply_count":0,"_bbp_voice_count":0,"_bbp_anonymous_reply_count":0,"_bbp_topic_count_hidden":0,"_bbp_reply_count_hidden":0,"_bbp_forum_subforum_count":0,"footnotes":""},"categories":[1,4],"tags":[],"class_list":["post-4314","post","type-post","status-publish","format-standard","has-post-thumbnail","hentry","category-general","category-portada"],"post_mailing_queue_ids":[],"_links":{"self":[{"href":"https:\/\/agora.xtec.cat\/esc-jmaragall-sabadell\/wp-json\/wp\/v2\/posts\/4314","targetHints":{"allow":["GET"]}}],"collection":[{"href":"https:\/\/agora.xtec.cat\/esc-jmaragall-sabadell\/wp-json\/wp\/v2\/posts"}],"about":[{"href":"https:\/\/agora.xtec.cat\/esc-jmaragall-sabadell\/wp-json\/wp\/v2\/types\/post"}],"author":[{"embeddable":true,"href":"https:\/\/agora.xtec.cat\/esc-jmaragall-sabadell\/wp-json\/wp\/v2\/users\/36"}],"replies":[{"embeddable":true,"href":"https:\/\/agora.xtec.cat\/esc-jmaragall-sabadell\/wp-json\/wp\/v2\/comments?post=4314"}],"version-history":[{"count":2,"href":"https:\/\/agora.xtec.cat\/esc-jmaragall-sabadell\/wp-json\/wp\/v2\/posts\/4314\/revisions"}],"predecessor-version":[{"id":4319,"href":"https:\/\/agora.xtec.cat\/esc-jmaragall-sabadell\/wp-json\/wp\/v2\/posts\/4314\/revisions\/4319"}],"wp:featuredmedia":[{"embeddable":true,"href":"https:\/\/agora.xtec.cat\/esc-jmaragall-sabadell\/wp-json\/wp\/v2\/media\/4320"}],"wp:attachment":[{"href":"https:\/\/agora.xtec.cat\/esc-jmaragall-sabadell\/wp-json\/wp\/v2\/media?parent=4314"}],"wp:term":[{"taxonomy":"category","embeddable":true,"href":"https:\/\/agora.xtec.cat\/esc-jmaragall-sabadell\/wp-json\/wp\/v2\/categories?post=4314"},{"taxonomy":"post_tag","embeddable":true,"href":"https:\/\/agora.xtec.cat\/esc-jmaragall-sabadell\/wp-json\/wp\/v2\/tags?post=4314"}],"curies":[{"name":"wp","href":"https:\/\/api.w.org\/{rel}","templated":true}]}}