{"id":4280,"date":"2020-05-26T12:08:27","date_gmt":"2020-05-26T10:08:27","guid":{"rendered":"http:\/\/agora.xtec.cat\/esc-jmaragall-sabadell\/?p=4280"},"modified":"2020-05-26T14:59:35","modified_gmt":"2020-05-26T12:59:35","slug":"el-museu-dels-invents-queda-confinat","status":"publish","type":"post","link":"https:\/\/agora.xtec.cat\/esc-jmaragall-sabadell\/general\/el-museu-dels-invents-queda-confinat\/","title":{"rendered":"L&#8217;exposici\u00f3 dels invents queda confinada"},"content":{"rendered":"<p>Us comparteixo la feina i l&#8217;esfor\u00e7 feta durant el curs 2019-2020 per l&#8217;alumnat de 6\u00e8 B, tot i no haver portat a terme l&#8217;exposici\u00f3 dels nostres invents i la nostra pr\u00f2pia hist\u00f2ria al MUSEU D&#8217;HIST\u00d2RIA DE SABADELL, s&#8217;ha fet un muntatge amb tota la documentaci\u00f3 recollida durant les sessions del projecte. Ha estat dif\u00edcil seleccionar els grans moments d&#8217;aquest projecte ja que penso que des del comen\u00e7ament ha estat una gran experi\u00e8ncia, on ens hem enriquit aprenent uns dels altres i hem pogut compartir grans hist\u00f2ries, la nostra pr\u00f2pia hist\u00f2ria.<\/p>\n<p>https:\/\/www.youtube.com\/watch?v=9aiJMItq5CA<\/p>\n<p><strong>&#8220;TOT EL QUE VEIEM, SENTIM, TOQUEM I VIVIM DEIXA PETJADA EN EL NOSTRE CERVELL&#8221;<\/strong> com va dir una gran matem\u00e0tica; M\u00aa Antonia Canals.<\/p>\n","protected":false},"excerpt":{"rendered":"<p>Us comparteixo la feina i l&#8217;esfor\u00e7 feta durant el curs 2019-2020 per l&#8217;alumnat de 6\u00e8 B, tot i no haver portat a terme l&#8217;exposici\u00f3 dels nostres invents i la nostra pr\u00f2pia hist\u00f2ria al MUSEU D&#8217;HIST\u00d2RIA DE SABADELL, s&#8217;ha fet un muntatge amb tota la documentaci\u00f3&hellip;  <a href=\"https:\/\/agora.xtec.cat\/esc-jmaragall-sabadell\/general\/el-museu-dels-invents-queda-confinat\/\" title=\"Read L&#8217;exposici\u00f3 dels invents queda confinada\">Llegeix m\u00e9s\u00bb<\/a><\/p>\n","protected":false},"author":36,"featured_media":4281,"comment_status":"open","ping_status":"closed","sticky":false,"template":"","format":"standard","meta":{"_bbp_topic_count":0,"_bbp_reply_count":0,"_bbp_total_topic_count":0,"_bbp_total_reply_count":0,"_bbp_voice_count":0,"_bbp_anonymous_reply_count":0,"_bbp_topic_count_hidden":0,"_bbp_reply_count_hidden":0,"_bbp_forum_subforum_count":0,"footnotes":""},"categories":[1,4],"tags":[],"class_list":["post-4280","post","type-post","status-publish","format-standard","has-post-thumbnail","hentry","category-general","category-portada"],"post_mailing_queue_ids":[],"_links":{"self":[{"href":"https:\/\/agora.xtec.cat\/esc-jmaragall-sabadell\/wp-json\/wp\/v2\/posts\/4280","targetHints":{"allow":["GET"]}}],"collection":[{"href":"https:\/\/agora.xtec.cat\/esc-jmaragall-sabadell\/wp-json\/wp\/v2\/posts"}],"about":[{"href":"https:\/\/agora.xtec.cat\/esc-jmaragall-sabadell\/wp-json\/wp\/v2\/types\/post"}],"author":[{"embeddable":true,"href":"https:\/\/agora.xtec.cat\/esc-jmaragall-sabadell\/wp-json\/wp\/v2\/users\/36"}],"replies":[{"embeddable":true,"href":"https:\/\/agora.xtec.cat\/esc-jmaragall-sabadell\/wp-json\/wp\/v2\/comments?post=4280"}],"version-history":[{"count":4,"href":"https:\/\/agora.xtec.cat\/esc-jmaragall-sabadell\/wp-json\/wp\/v2\/posts\/4280\/revisions"}],"predecessor-version":[{"id":4285,"href":"https:\/\/agora.xtec.cat\/esc-jmaragall-sabadell\/wp-json\/wp\/v2\/posts\/4280\/revisions\/4285"}],"wp:featuredmedia":[{"embeddable":true,"href":"https:\/\/agora.xtec.cat\/esc-jmaragall-sabadell\/wp-json\/wp\/v2\/media\/4281"}],"wp:attachment":[{"href":"https:\/\/agora.xtec.cat\/esc-jmaragall-sabadell\/wp-json\/wp\/v2\/media?parent=4280"}],"wp:term":[{"taxonomy":"category","embeddable":true,"href":"https:\/\/agora.xtec.cat\/esc-jmaragall-sabadell\/wp-json\/wp\/v2\/categories?post=4280"},{"taxonomy":"post_tag","embeddable":true,"href":"https:\/\/agora.xtec.cat\/esc-jmaragall-sabadell\/wp-json\/wp\/v2\/tags?post=4280"}],"curies":[{"name":"wp","href":"https:\/\/api.w.org\/{rel}","templated":true}]}}