{"id":4202,"date":"2020-04-24T14:44:13","date_gmt":"2020-04-24T12:44:13","guid":{"rendered":"http:\/\/agora.xtec.cat\/esc-jmaragall-sabadell\/?p=4202"},"modified":"2020-04-24T14:44:38","modified_gmt":"2020-04-24T12:44:38","slug":"creem-instruments-amb-coses-de-casa-castanyoles","status":"publish","type":"post","link":"https:\/\/agora.xtec.cat\/esc-jmaragall-sabadell\/portada\/creem-instruments-amb-coses-de-casa-castanyoles\/","title":{"rendered":"CREEM INSTRUMENTS AMB COSES DE CASA (CASTANYOLES)"},"content":{"rendered":"<p>HOLA NENS I NENES!! Aqu\u00ed ve la segona proposta de crear un instrument amb coses que tenim per casa. Aquest cop&#8230; CASTANYOLES! Esperem que us agradi i si les feu, envieu-nos fotografies o v\u00eddeos que puguem veure com us queden de xules! I si alg\u00fa s&#8217;anima, pot crear alguna m\u00fasica amb lletra i tot!<\/p>\n<p><a href=\"https:\/\/youtu.be\/yOy_g2bMcT8\">https:\/\/youtu.be\/yOy_g2bMcT8<\/a><\/p>\n","protected":false},"excerpt":{"rendered":"<p>HOLA NENS I NENES!! Aqu\u00ed ve la segona proposta de crear un instrument amb coses que tenim per casa. Aquest cop&#8230; CASTANYOLES! Esperem que us agradi i si les feu, envieu-nos fotografies o v\u00eddeos que puguem veure com us queden de xules! I si alg\u00fa&hellip;  <a href=\"https:\/\/agora.xtec.cat\/esc-jmaragall-sabadell\/portada\/creem-instruments-amb-coses-de-casa-castanyoles\/\" title=\"Read CREEM INSTRUMENTS AMB COSES DE CASA (CASTANYOLES)\">Llegeix m\u00e9s\u00bb<\/a><\/p>\n","protected":false},"author":1,"featured_media":4206,"comment_status":"open","ping_status":"closed","sticky":false,"template":"","format":"standard","meta":{"_bbp_topic_count":0,"_bbp_reply_count":0,"_bbp_total_topic_count":0,"_bbp_total_reply_count":0,"_bbp_voice_count":0,"_bbp_anonymous_reply_count":0,"_bbp_topic_count_hidden":0,"_bbp_reply_count_hidden":0,"_bbp_forum_subforum_count":0,"footnotes":""},"categories":[61,4],"tags":[],"class_list":["post-4202","post","type-post","status-publish","format-standard","has-post-thumbnail","hentry","category-musica","category-portada"],"post_mailing_queue_ids":[],"_links":{"self":[{"href":"https:\/\/agora.xtec.cat\/esc-jmaragall-sabadell\/wp-json\/wp\/v2\/posts\/4202","targetHints":{"allow":["GET"]}}],"collection":[{"href":"https:\/\/agora.xtec.cat\/esc-jmaragall-sabadell\/wp-json\/wp\/v2\/posts"}],"about":[{"href":"https:\/\/agora.xtec.cat\/esc-jmaragall-sabadell\/wp-json\/wp\/v2\/types\/post"}],"author":[{"embeddable":true,"href":"https:\/\/agora.xtec.cat\/esc-jmaragall-sabadell\/wp-json\/wp\/v2\/users\/1"}],"replies":[{"embeddable":true,"href":"https:\/\/agora.xtec.cat\/esc-jmaragall-sabadell\/wp-json\/wp\/v2\/comments?post=4202"}],"version-history":[{"count":2,"href":"https:\/\/agora.xtec.cat\/esc-jmaragall-sabadell\/wp-json\/wp\/v2\/posts\/4202\/revisions"}],"predecessor-version":[{"id":4207,"href":"https:\/\/agora.xtec.cat\/esc-jmaragall-sabadell\/wp-json\/wp\/v2\/posts\/4202\/revisions\/4207"}],"wp:featuredmedia":[{"embeddable":true,"href":"https:\/\/agora.xtec.cat\/esc-jmaragall-sabadell\/wp-json\/wp\/v2\/media\/4206"}],"wp:attachment":[{"href":"https:\/\/agora.xtec.cat\/esc-jmaragall-sabadell\/wp-json\/wp\/v2\/media?parent=4202"}],"wp:term":[{"taxonomy":"category","embeddable":true,"href":"https:\/\/agora.xtec.cat\/esc-jmaragall-sabadell\/wp-json\/wp\/v2\/categories?post=4202"},{"taxonomy":"post_tag","embeddable":true,"href":"https:\/\/agora.xtec.cat\/esc-jmaragall-sabadell\/wp-json\/wp\/v2\/tags?post=4202"}],"curies":[{"name":"wp","href":"https:\/\/api.w.org\/{rel}","templated":true}]}}