{"id":4067,"date":"2020-04-01T08:30:49","date_gmt":"2020-04-01T06:30:49","guid":{"rendered":"http:\/\/agora.xtec.cat\/esc-jmaragall-sabadell\/?p=4067"},"modified":"2020-04-01T09:02:30","modified_gmt":"2020-04-01T07:02:30","slug":"bon-dia-nens-i-nenes-dinicial","status":"publish","type":"post","link":"https:\/\/agora.xtec.cat\/esc-jmaragall-sabadell\/general\/bon-dia-nens-i-nenes-dinicial\/","title":{"rendered":"BON DIA NENS I NENES D&#8217;INICIAL"},"content":{"rendered":"<h4>BON DIA NENS I NENES DE 1r i 2n.<\/h4>\n<h4>AVUI FA FRED,\u00a0 PER\u00d2 SABEU QU\u00c8 JA HA ARRIBAT LA PRIMAVERA?<\/h4>\n<h4>QUI S\u2019ANIMA A FER FLORS A CASA?<\/h4>\n<p><a href=\"https:\/\/agora.xtec.cat\/esc-jmaragall-sabadell\/wp-content\/uploads\/usu1082\/2020\/03\/FotoJet.jpg\"><img loading=\"lazy\" decoding=\"async\" class=\"wp-image-4073 aligncenter\" src=\"https:\/\/agora.xtec.cat\/esc-jmaragall-sabadell\/wp-content\/uploads\/usu1082\/2020\/03\/FotoJet-1024x1024.jpg\" alt=\"\" width=\"637\" height=\"637\" srcset=\"https:\/\/agora.xtec.cat\/esc-jmaragall-sabadell\/wp-content\/uploads\/usu1082\/2020\/03\/FotoJet-1024x1024.jpg 1024w, https:\/\/agora.xtec.cat\/esc-jmaragall-sabadell\/wp-content\/uploads\/usu1082\/2020\/03\/FotoJet-150x150.jpg 150w, https:\/\/agora.xtec.cat\/esc-jmaragall-sabadell\/wp-content\/uploads\/usu1082\/2020\/03\/FotoJet-300x300.jpg 300w, https:\/\/agora.xtec.cat\/esc-jmaragall-sabadell\/wp-content\/uploads\/usu1082\/2020\/03\/FotoJet-768x768.jpg 768w, https:\/\/agora.xtec.cat\/esc-jmaragall-sabadell\/wp-content\/uploads\/usu1082\/2020\/03\/FotoJet.jpg 1200w\" sizes=\"auto, (max-width: 637px) 100vw, 637px\" \/><\/a><\/p>\n<h4>ENS ANIRAN MOLT B\u00c9 PER DECORAR L\u2019ESCOLA QUAN TORNEM!!!!<\/h4>\n<p>&nbsp;<\/p>\n<h5>Tamb\u00e9 \u00e9s important que no oblidem totes les coses que hem apr\u00e9s!!! Us passo unes activitats\u00a0 per repassar:<\/h5>\n<p style=\"text-align: center;\"><a href=\"https:\/\/clic.xtec.cat\/projects\/concfon2\/jclic.js\/index.html\"><img loading=\"lazy\" decoding=\"async\" class=\"alignnone wp-image-4079 size-full\" src=\"https:\/\/agora.xtec.cat\/esc-jmaragall-sabadell\/wp-content\/uploads\/usu1082\/2020\/03\/catal\u00e0.png\" alt=\"\" width=\"190\" height=\"116\" \/><\/a><\/p>\n<p style=\"text-align: center;\"><a href=\"https:\/\/clic.xtec.cat\/projects\/compdesc\/jclic.js\/index.html\"><img loading=\"lazy\" decoding=\"async\" class=\"alignnone wp-image-4080 size-full\" src=\"https:\/\/agora.xtec.cat\/esc-jmaragall-sabadell\/wp-content\/uploads\/usu1082\/2020\/03\/mates.png\" alt=\"\" width=\"174\" height=\"105\" \/><\/a><\/p>\n<p><a href=\"https:\/\/clic.xtec.cat\/projects\/ani_mon\/jclic.js\/index.html\"><img loading=\"lazy\" decoding=\"async\" class=\"wp-image-4081 size-full aligncenter\" src=\"https:\/\/agora.xtec.cat\/esc-jmaragall-sabadell\/wp-content\/uploads\/usu1082\/2020\/03\/medi.png\" alt=\"\" width=\"176\" height=\"101\" \/><\/a><\/p>\n<p><a href=\"https:\/\/youtu.be\/xHMAYuaThUs\"><img loading=\"lazy\" decoding=\"async\" class=\"aligncenter wp-image-4082 size-full\" src=\"https:\/\/agora.xtec.cat\/esc-jmaragall-sabadell\/wp-content\/uploads\/usu1082\/2020\/03\/educacio-fisica.png\" alt=\"\" width=\"178\" height=\"111\" \/><\/a><\/p>\n<h3><strong>Una abra\u00e7ada molt forta!!!!!!<\/strong><\/h3>\n","protected":false},"excerpt":{"rendered":"<p>BON DIA NENS I NENES DE 1r i 2n.<br \/>\nAVUI FA FRED,\u00a0 PER\u00d2 SABEU QU\u00c8 JA HA ARRIBAT LA PRIMAVERA?<br \/>\nQUI S\u2019ANIMA A FER FLORS A CASA?<br \/>\n<a href=\"https:\/\/agora.xtec.cat\/esc-jmaragall-sabadell\/wp-content\/uploads\/usu1082\/2020\/03\/FotoJet.jpg\"><\/a><br \/>\nENS ANIRAN MOLT B\u00c9 PER DECORAR L\u2019ESCOLA QUAN TORNEM!!!!<br \/>\n&nbsp;<br \/>\nTamb\u00e9 \u00e9s important que no oblidem totes les coses que hem apr\u00e9s!!!&hellip;  <a href=\"https:\/\/agora.xtec.cat\/esc-jmaragall-sabadell\/general\/bon-dia-nens-i-nenes-dinicial\/\" title=\"Read BON DIA NENS I NENES D&#8217;INICIAL\">Llegeix m\u00e9s\u00bb<\/a><\/p>\n","protected":false},"author":29,"featured_media":4073,"comment_status":"open","ping_status":"closed","sticky":false,"template":"","format":"standard","meta":{"_bbp_topic_count":0,"_bbp_reply_count":0,"_bbp_total_topic_count":0,"_bbp_total_reply_count":0,"_bbp_voice_count":0,"_bbp_anonymous_reply_count":0,"_bbp_topic_count_hidden":0,"_bbp_reply_count_hidden":0,"_bbp_forum_subforum_count":0,"footnotes":""},"categories":[3,8,1,4,5],"tags":[],"class_list":["post-4067","post","type-post","status-publish","format-standard","has-post-thumbnail","hentry","category-3","category-8","category-general","category-portada","category-primaria"],"post_mailing_queue_ids":[],"_links":{"self":[{"href":"https:\/\/agora.xtec.cat\/esc-jmaragall-sabadell\/wp-json\/wp\/v2\/posts\/4067","targetHints":{"allow":["GET"]}}],"collection":[{"href":"https:\/\/agora.xtec.cat\/esc-jmaragall-sabadell\/wp-json\/wp\/v2\/posts"}],"about":[{"href":"https:\/\/agora.xtec.cat\/esc-jmaragall-sabadell\/wp-json\/wp\/v2\/types\/post"}],"author":[{"embeddable":true,"href":"https:\/\/agora.xtec.cat\/esc-jmaragall-sabadell\/wp-json\/wp\/v2\/users\/29"}],"replies":[{"embeddable":true,"href":"https:\/\/agora.xtec.cat\/esc-jmaragall-sabadell\/wp-json\/wp\/v2\/comments?post=4067"}],"version-history":[{"count":3,"href":"https:\/\/agora.xtec.cat\/esc-jmaragall-sabadell\/wp-json\/wp\/v2\/posts\/4067\/revisions"}],"predecessor-version":[{"id":4085,"href":"https:\/\/agora.xtec.cat\/esc-jmaragall-sabadell\/wp-json\/wp\/v2\/posts\/4067\/revisions\/4085"}],"wp:featuredmedia":[{"embeddable":true,"href":"https:\/\/agora.xtec.cat\/esc-jmaragall-sabadell\/wp-json\/wp\/v2\/media\/4073"}],"wp:attachment":[{"href":"https:\/\/agora.xtec.cat\/esc-jmaragall-sabadell\/wp-json\/wp\/v2\/media?parent=4067"}],"wp:term":[{"taxonomy":"category","embeddable":true,"href":"https:\/\/agora.xtec.cat\/esc-jmaragall-sabadell\/wp-json\/wp\/v2\/categories?post=4067"},{"taxonomy":"post_tag","embeddable":true,"href":"https:\/\/agora.xtec.cat\/esc-jmaragall-sabadell\/wp-json\/wp\/v2\/tags?post=4067"}],"curies":[{"name":"wp","href":"https:\/\/api.w.org\/{rel}","templated":true}]}}