{"id":3901,"date":"2020-03-08T17:27:25","date_gmt":"2020-03-08T16:27:25","guid":{"rendered":"http:\/\/agora.xtec.cat\/esc-jmaragall-sabadell\/?p=3901"},"modified":"2020-03-12T20:30:41","modified_gmt":"2020-03-12T19:30:41","slug":"la-hora-del-te-al-joan-maragall","status":"publish","type":"post","link":"https:\/\/agora.xtec.cat\/esc-jmaragall-sabadell\/general\/la-hora-del-te-al-joan-maragall\/","title":{"rendered":"&#8220;L&#8217;hora del te&#8221; al Joan Maragall"},"content":{"rendered":"<p style=\"text-align: left;\">Aquest dimarts 3 de mar\u00e7, a l&#8217;escola Joan Maragall, les mares de l&#8217;escola vam fer &#8220;la hora del te&#8221;.<\/p>\n<p><a href=\"https:\/\/agora.xtec.cat\/esc-jmaragall-sabadell\/wp-content\/uploads\/usu1082\/2020\/03\/IMG_20200303_151716_compress72.jpg\"><img loading=\"lazy\" decoding=\"async\" class=\"alignnone size-large wp-image-3910\" src=\"https:\/\/agora.xtec.cat\/esc-jmaragall-sabadell\/wp-content\/uploads\/usu1082\/2020\/03\/IMG_20200303_151716_compress72-1024x768.jpg\" alt=\"\" width=\"1024\" height=\"768\" srcset=\"https:\/\/agora.xtec.cat\/esc-jmaragall-sabadell\/wp-content\/uploads\/usu1082\/2020\/03\/IMG_20200303_151716_compress72-1024x768.jpg 1024w, https:\/\/agora.xtec.cat\/esc-jmaragall-sabadell\/wp-content\/uploads\/usu1082\/2020\/03\/IMG_20200303_151716_compress72-300x225.jpg 300w, https:\/\/agora.xtec.cat\/esc-jmaragall-sabadell\/wp-content\/uploads\/usu1082\/2020\/03\/IMG_20200303_151716_compress72-768x576.jpg 768w, https:\/\/agora.xtec.cat\/esc-jmaragall-sabadell\/wp-content\/uploads\/usu1082\/2020\/03\/IMG_20200303_151716_compress72-200x150.jpg 200w, https:\/\/agora.xtec.cat\/esc-jmaragall-sabadell\/wp-content\/uploads\/usu1082\/2020\/03\/IMG_20200303_151716_compress72.jpg 2000w\" sizes=\"auto, (max-width: 1024px) 100vw, 1024px\" \/><\/a><\/p>\n<p>&nbsp;<\/p>\n<p style=\"text-align: left;\">L&#8217;objectiu de la trobada era profunditzar amb el tema de la coeducaci\u00f3 a casa i amb els nostres infants, aprofitant la celebraci\u00f3 de la dona del 8 M. El debat va ser dinamitzat per Esther.<\/p>\n<p><a href=\"https:\/\/agora.xtec.cat\/esc-jmaragall-sabadell\/wp-content\/uploads\/usu1082\/2020\/03\/IMG_20200303_152002_compress32.jpg\"><img loading=\"lazy\" decoding=\"async\" class=\"alignnone size-large wp-image-3904\" src=\"https:\/\/agora.xtec.cat\/esc-jmaragall-sabadell\/wp-content\/uploads\/usu1082\/2020\/03\/IMG_20200303_152002_compress32-1024x768.jpg\" alt=\"\" width=\"1024\" height=\"768\" srcset=\"https:\/\/agora.xtec.cat\/esc-jmaragall-sabadell\/wp-content\/uploads\/usu1082\/2020\/03\/IMG_20200303_152002_compress32-1024x768.jpg 1024w, https:\/\/agora.xtec.cat\/esc-jmaragall-sabadell\/wp-content\/uploads\/usu1082\/2020\/03\/IMG_20200303_152002_compress32-300x225.jpg 300w, https:\/\/agora.xtec.cat\/esc-jmaragall-sabadell\/wp-content\/uploads\/usu1082\/2020\/03\/IMG_20200303_152002_compress32-768x576.jpg 768w, https:\/\/agora.xtec.cat\/esc-jmaragall-sabadell\/wp-content\/uploads\/usu1082\/2020\/03\/IMG_20200303_152002_compress32-200x150.jpg 200w, https:\/\/agora.xtec.cat\/esc-jmaragall-sabadell\/wp-content\/uploads\/usu1082\/2020\/03\/IMG_20200303_152002_compress32.jpg 2000w\" sizes=\"auto, (max-width: 1024px) 100vw, 1024px\" \/><\/a><\/p>\n<p>La conclusi\u00f3 que vam extreure va ser que va haver una alta participaci\u00f3 per part de les fam\u00edlies i aquestes van compartir una bona experi\u00e8ncia donant el seu punt de vista, passant una estona agradable i acompanyada de riures!<\/p>\n","protected":false},"excerpt":{"rendered":"<p>Aquest dimarts 3 de mar\u00e7, a l&#8217;escola Joan Maragall, les mares de l&#8217;escola vam fer &#8220;la hora del te&#8221;.<br \/>\n<a href=\"https:\/\/agora.xtec.cat\/esc-jmaragall-sabadell\/wp-content\/uploads\/usu1082\/2020\/03\/IMG_20200303_151716_compress72.jpg\"><\/a><br \/>\n&nbsp;<br \/>\nL&#8217;objectiu de la trobada era profunditzar amb el tema de la coeducaci\u00f3 a casa i amb els nostres infants, aprofitant la celebraci\u00f3 de la dona del&hellip;  <a href=\"https:\/\/agora.xtec.cat\/esc-jmaragall-sabadell\/general\/la-hora-del-te-al-joan-maragall\/\" title=\"Read &#8220;L&#8217;hora del te&#8221; al Joan Maragall\">Llegeix m\u00e9s\u00bb<\/a><\/p>\n","protected":false},"author":36,"featured_media":3905,"comment_status":"open","ping_status":"closed","sticky":false,"template":"","format":"standard","meta":{"_bbp_topic_count":0,"_bbp_reply_count":0,"_bbp_total_topic_count":0,"_bbp_total_reply_count":0,"_bbp_voice_count":0,"_bbp_anonymous_reply_count":0,"_bbp_topic_count_hidden":0,"_bbp_reply_count_hidden":0,"_bbp_forum_subforum_count":0,"footnotes":""},"categories":[1,4,5],"tags":[],"class_list":["post-3901","post","type-post","status-publish","format-standard","has-post-thumbnail","hentry","category-general","category-portada","category-primaria"],"post_mailing_queue_ids":[],"_links":{"self":[{"href":"https:\/\/agora.xtec.cat\/esc-jmaragall-sabadell\/wp-json\/wp\/v2\/posts\/3901","targetHints":{"allow":["GET"]}}],"collection":[{"href":"https:\/\/agora.xtec.cat\/esc-jmaragall-sabadell\/wp-json\/wp\/v2\/posts"}],"about":[{"href":"https:\/\/agora.xtec.cat\/esc-jmaragall-sabadell\/wp-json\/wp\/v2\/types\/post"}],"author":[{"embeddable":true,"href":"https:\/\/agora.xtec.cat\/esc-jmaragall-sabadell\/wp-json\/wp\/v2\/users\/36"}],"replies":[{"embeddable":true,"href":"https:\/\/agora.xtec.cat\/esc-jmaragall-sabadell\/wp-json\/wp\/v2\/comments?post=3901"}],"version-history":[{"count":3,"href":"https:\/\/agora.xtec.cat\/esc-jmaragall-sabadell\/wp-json\/wp\/v2\/posts\/3901\/revisions"}],"predecessor-version":[{"id":3938,"href":"https:\/\/agora.xtec.cat\/esc-jmaragall-sabadell\/wp-json\/wp\/v2\/posts\/3901\/revisions\/3938"}],"wp:featuredmedia":[{"embeddable":true,"href":"https:\/\/agora.xtec.cat\/esc-jmaragall-sabadell\/wp-json\/wp\/v2\/media\/3905"}],"wp:attachment":[{"href":"https:\/\/agora.xtec.cat\/esc-jmaragall-sabadell\/wp-json\/wp\/v2\/media?parent=3901"}],"wp:term":[{"taxonomy":"category","embeddable":true,"href":"https:\/\/agora.xtec.cat\/esc-jmaragall-sabadell\/wp-json\/wp\/v2\/categories?post=3901"},{"taxonomy":"post_tag","embeddable":true,"href":"https:\/\/agora.xtec.cat\/esc-jmaragall-sabadell\/wp-json\/wp\/v2\/tags?post=3901"}],"curies":[{"name":"wp","href":"https:\/\/api.w.org\/{rel}","templated":true}]}}