{"id":3787,"date":"2020-02-11T21:32:01","date_gmt":"2020-02-11T20:32:01","guid":{"rendered":"http:\/\/agora.xtec.cat\/esc-jmaragall-sabadell\/?p=3787"},"modified":"2020-02-11T21:33:15","modified_gmt":"2020-02-11T20:33:15","slug":"la-nuria-i-les-seves-histories","status":"publish","type":"post","link":"https:\/\/agora.xtec.cat\/esc-jmaragall-sabadell\/general\/la-nuria-i-les-seves-histories\/","title":{"rendered":"LA N\u00daRIA I LES SEVES HIST\u00d2RIES"},"content":{"rendered":"<p style=\"text-align: left;\">El passat dia 6 de febrer, a la tarda, els nens i nenes de 6\u00e8 B van convidar a la N\u00faria a la classe per explicar-nos els dos invents que ens va portar fa ja uns dies; una c\u00e0mera de fotos i una planxa de carb\u00f3.<a href=\"https:\/\/agora.xtec.cat\/esc-jmaragall-sabadell\/wp-content\/uploads\/usu1082\/2020\/02\/IMG_20200206_151016_compress58.jpg\"><img loading=\"lazy\" decoding=\"async\" class=\"alignnone wp-image-3789\" src=\"https:\/\/agora.xtec.cat\/esc-jmaragall-sabadell\/wp-content\/uploads\/usu1082\/2020\/02\/IMG_20200206_151016_compress58-1024x768.jpg\" alt=\"\" width=\"288\" height=\"216\" srcset=\"https:\/\/agora.xtec.cat\/esc-jmaragall-sabadell\/wp-content\/uploads\/usu1082\/2020\/02\/IMG_20200206_151016_compress58-1024x768.jpg 1024w, https:\/\/agora.xtec.cat\/esc-jmaragall-sabadell\/wp-content\/uploads\/usu1082\/2020\/02\/IMG_20200206_151016_compress58-300x225.jpg 300w, https:\/\/agora.xtec.cat\/esc-jmaragall-sabadell\/wp-content\/uploads\/usu1082\/2020\/02\/IMG_20200206_151016_compress58-768x576.jpg 768w, https:\/\/agora.xtec.cat\/esc-jmaragall-sabadell\/wp-content\/uploads\/usu1082\/2020\/02\/IMG_20200206_151016_compress58-200x150.jpg 200w, https:\/\/agora.xtec.cat\/esc-jmaragall-sabadell\/wp-content\/uploads\/usu1082\/2020\/02\/IMG_20200206_151016_compress58.jpg 2000w\" sizes=\"auto, (max-width: 288px) 100vw, 288px\" \/><\/a><\/p>\n<p><span style=\"font-family: inherit; font-size: 1em;\">Ens va explicar que la planxa la utilitzava la seva \u00e0via, despr\u00e9s la seva mare i ara ella la tenia a la seva habitaci\u00f3 de decoraci\u00f3.\u00a0 Ens va dir que la\u00a0 seva \u00e0via la utilitzava perqu\u00e8 antigament no existia la electricitat i les planxes eren de ferro o de carb\u00f3.<\/span><\/p>\n<p>Tamb\u00e9 ens va explicar la hist\u00f2ria de la c\u00e0mera de fotos, la qual va regalar-li el seu pare i ella la va fer servir per fotografiar molts dels llocs on anava. Funcionava amb carret de fotos i no sabia com sortien les fotos fins que no la portava a revelar a la botiga.<\/p>\n<p>&nbsp;<\/p>\n<p><a href=\"https:\/\/agora.xtec.cat\/esc-jmaragall-sabadell\/wp-content\/uploads\/usu1082\/2020\/02\/IMG_20200206_151737_compress88-1.jpg\"><img loading=\"lazy\" decoding=\"async\" class=\"alignnone size-large wp-image-3795\" src=\"https:\/\/agora.xtec.cat\/esc-jmaragall-sabadell\/wp-content\/uploads\/usu1082\/2020\/02\/IMG_20200206_151737_compress88-1-1024x768.jpg\" alt=\"\" width=\"1024\" height=\"768\" srcset=\"https:\/\/agora.xtec.cat\/esc-jmaragall-sabadell\/wp-content\/uploads\/usu1082\/2020\/02\/IMG_20200206_151737_compress88-1-1024x768.jpg 1024w, https:\/\/agora.xtec.cat\/esc-jmaragall-sabadell\/wp-content\/uploads\/usu1082\/2020\/02\/IMG_20200206_151737_compress88-1-300x225.jpg 300w, https:\/\/agora.xtec.cat\/esc-jmaragall-sabadell\/wp-content\/uploads\/usu1082\/2020\/02\/IMG_20200206_151737_compress88-1-768x576.jpg 768w, https:\/\/agora.xtec.cat\/esc-jmaragall-sabadell\/wp-content\/uploads\/usu1082\/2020\/02\/IMG_20200206_151737_compress88-1-200x150.jpg 200w, https:\/\/agora.xtec.cat\/esc-jmaragall-sabadell\/wp-content\/uploads\/usu1082\/2020\/02\/IMG_20200206_151737_compress88-1.jpg 2000w\" sizes=\"auto, (max-width: 1024px) 100vw, 1024px\" \/><\/a>Gr\u00e0cies per compartir amb nosaltres aquestes petites hist\u00f2ries N\u00faria!<\/p>\n","protected":false},"excerpt":{"rendered":"<p>El passat dia 6 de febrer, a la tarda, els nens i nenes de 6\u00e8 B van convidar a la N\u00faria a la classe per explicar-nos els dos invents que ens va portar fa ja uns dies; una c\u00e0mera de fotos i una planxa de&hellip;  <a href=\"https:\/\/agora.xtec.cat\/esc-jmaragall-sabadell\/general\/la-nuria-i-les-seves-histories\/\" title=\"Read LA N\u00daRIA I LES SEVES HIST\u00d2RIES\">Llegeix m\u00e9s\u00bb<\/a><\/p>\n","protected":false},"author":36,"featured_media":3795,"comment_status":"open","ping_status":"closed","sticky":false,"template":"","format":"standard","meta":{"_bbp_topic_count":0,"_bbp_reply_count":0,"_bbp_total_topic_count":0,"_bbp_total_reply_count":0,"_bbp_voice_count":0,"_bbp_anonymous_reply_count":0,"_bbp_topic_count_hidden":0,"_bbp_reply_count_hidden":0,"_bbp_forum_subforum_count":0,"footnotes":""},"categories":[1,4],"tags":[],"class_list":["post-3787","post","type-post","status-publish","format-standard","has-post-thumbnail","hentry","category-general","category-portada"],"post_mailing_queue_ids":[],"_links":{"self":[{"href":"https:\/\/agora.xtec.cat\/esc-jmaragall-sabadell\/wp-json\/wp\/v2\/posts\/3787","targetHints":{"allow":["GET"]}}],"collection":[{"href":"https:\/\/agora.xtec.cat\/esc-jmaragall-sabadell\/wp-json\/wp\/v2\/posts"}],"about":[{"href":"https:\/\/agora.xtec.cat\/esc-jmaragall-sabadell\/wp-json\/wp\/v2\/types\/post"}],"author":[{"embeddable":true,"href":"https:\/\/agora.xtec.cat\/esc-jmaragall-sabadell\/wp-json\/wp\/v2\/users\/36"}],"replies":[{"embeddable":true,"href":"https:\/\/agora.xtec.cat\/esc-jmaragall-sabadell\/wp-json\/wp\/v2\/comments?post=3787"}],"version-history":[{"count":2,"href":"https:\/\/agora.xtec.cat\/esc-jmaragall-sabadell\/wp-json\/wp\/v2\/posts\/3787\/revisions"}],"predecessor-version":[{"id":3796,"href":"https:\/\/agora.xtec.cat\/esc-jmaragall-sabadell\/wp-json\/wp\/v2\/posts\/3787\/revisions\/3796"}],"wp:featuredmedia":[{"embeddable":true,"href":"https:\/\/agora.xtec.cat\/esc-jmaragall-sabadell\/wp-json\/wp\/v2\/media\/3795"}],"wp:attachment":[{"href":"https:\/\/agora.xtec.cat\/esc-jmaragall-sabadell\/wp-json\/wp\/v2\/media?parent=3787"}],"wp:term":[{"taxonomy":"category","embeddable":true,"href":"https:\/\/agora.xtec.cat\/esc-jmaragall-sabadell\/wp-json\/wp\/v2\/categories?post=3787"},{"taxonomy":"post_tag","embeddable":true,"href":"https:\/\/agora.xtec.cat\/esc-jmaragall-sabadell\/wp-json\/wp\/v2\/tags?post=3787"}],"curies":[{"name":"wp","href":"https:\/\/api.w.org\/{rel}","templated":true}]}}