{"id":3778,"date":"2020-02-05T11:47:40","date_gmt":"2020-02-05T10:47:40","guid":{"rendered":"http:\/\/agora.xtec.cat\/esc-jmaragall-sabadell\/?p=3778"},"modified":"2020-02-05T11:47:40","modified_gmt":"2020-02-05T10:47:40","slug":"maqueta-de-laparell-respiratori","status":"publish","type":"post","link":"https:\/\/agora.xtec.cat\/esc-jmaragall-sabadell\/general\/maqueta-de-laparell-respiratori\/","title":{"rendered":"Maqueta de l&#8217;aparell respiratori"},"content":{"rendered":"<p>Els i les alumnes de 4t, despr\u00e9s de treballar la respiraci\u00f3, hem volgut construir una maqueta del nostre aparell respiratori per veure b\u00e9 el seu funcionament.<\/p>\n<p>Aquests s\u00f3n els materials que hem utilitzat:<\/p>\n<ul>\n<li>Una ampolla de pl\u00e0stic (que far\u00e0 de caixa tor\u00e0cica).<\/li>\n<li>Canyes (que faran les vies respirat\u00f2ries).<\/li>\n<li>2 globus (per fer els pulmons).<\/li>\n<li>I un guant de l\u00e0tex (que ser\u00e0 el nostre diafragma).<\/li>\n<\/ul>\n<p>https:\/\/www.youtube.com\/watch?v=6jaf_1GFxRU<\/p>\n<p>&nbsp;<\/p>\n","protected":false},"excerpt":{"rendered":"<p>Els i les alumnes de 4t, despr\u00e9s de treballar la respiraci\u00f3, hem volgut construir una maqueta del nostre aparell respiratori per veure b\u00e9 el seu funcionament.<br \/>\nAquests s\u00f3n els materials que hem utilitzat:<\/p>\n<ul>\n<li>Una ampolla de pl\u00e0stic (que far\u00e0 de caixa tor\u00e0cica).<\/li>\n<li>Canyes (que faran les vies respirat\u00f2ries).<\/li>\n<li>2&hellip;  <a href=\"https:\/\/agora.xtec.cat\/esc-jmaragall-sabadell\/general\/maqueta-de-laparell-respiratori\/\" title=\"Read Maqueta de l&#8217;aparell respiratori\">Llegeix m\u00e9s\u00bb<\/a><br \/>\n","protected":false},"author":68,"featured_media":3780,"comment_status":"open","ping_status":"closed","sticky":false,"template":"","format":"standard","meta":{"_bbp_topic_count":0,"_bbp_reply_count":0,"_bbp_total_topic_count":0,"_bbp_total_reply_count":0,"_bbp_voice_count":0,"_bbp_anonymous_reply_count":0,"_bbp_topic_count_hidden":0,"_bbp_reply_count_hidden":0,"_bbp_forum_subforum_count":0,"footnotes":""},"categories":[1,4,5,56],"tags":[],"class_list":["post-3778","post","type-post","status-publish","format-standard","has-post-thumbnail","hentry","category-general","category-portada","category-primaria","category-1322b"],"post_mailing_queue_ids":[],"_links":{"self":[{"href":"https:\/\/agora.xtec.cat\/esc-jmaragall-sabadell\/wp-json\/wp\/v2\/posts\/3778","targetHints":{"allow":["GET"]}}],"collection":[{"href":"https:\/\/agora.xtec.cat\/esc-jmaragall-sabadell\/wp-json\/wp\/v2\/posts"}],"about":[{"href":"https:\/\/agora.xtec.cat\/esc-jmaragall-sabadell\/wp-json\/wp\/v2\/types\/post"}],"author":[{"embeddable":true,"href":"https:\/\/agora.xtec.cat\/esc-jmaragall-sabadell\/wp-json\/wp\/v2\/users\/68"}],"replies":[{"embeddable":true,"href":"https:\/\/agora.xtec.cat\/esc-jmaragall-sabadell\/wp-json\/wp\/v2\/comments?post=3778"}],"version-history":[{"count":1,"href":"https:\/\/agora.xtec.cat\/esc-jmaragall-sabadell\/wp-json\/wp\/v2\/posts\/3778\/revisions"}],"predecessor-version":[{"id":3779,"href":"https:\/\/agora.xtec.cat\/esc-jmaragall-sabadell\/wp-json\/wp\/v2\/posts\/3778\/revisions\/3779"}],"wp:featuredmedia":[{"embeddable":true,"href":"https:\/\/agora.xtec.cat\/esc-jmaragall-sabadell\/wp-json\/wp\/v2\/media\/3780"}],"wp:attachment":[{"href":"https:\/\/agora.xtec.cat\/esc-jmaragall-sabadell\/wp-json\/wp\/v2\/media?parent=3778"}],"wp:term":[{"taxonomy":"category","embeddable":true,"href":"https:\/\/agora.xtec.cat\/esc-jmaragall-sabadell\/wp-json\/wp\/v2\/categories?post=3778"},{"taxonomy":"post_tag","embeddable":true,"href":"https:\/\/agora.xtec.cat\/esc-jmaragall-sabadell\/wp-json\/wp\/v2\/tags?post=3778"}],"curies":[{"name":"wp","href":"https:\/\/api.w.org\/{rel}","templated":true}]}}