{"id":3773,"date":"2020-01-31T20:44:56","date_gmt":"2020-01-31T19:44:56","guid":{"rendered":"http:\/\/agora.xtec.cat\/esc-jmaragall-sabadell\/?p=3773"},"modified":"2020-02-01T09:15:49","modified_gmt":"2020-02-01T08:15:49","slug":"treballem-robotica-amb-el-wedo-lego-2-0-6e","status":"publish","type":"post","link":"https:\/\/agora.xtec.cat\/esc-jmaragall-sabadell\/general\/treballem-robotica-amb-el-wedo-lego-2-0-6e\/","title":{"rendered":"Treballem rob\u00f2tica amb el wedo Lego 2.0; 6\u00e8"},"content":{"rendered":"<p>Els divendres a la tarda a l&#8217;hora d&#8217;habilitats de matem\u00e0tiques, els alumnes de 6\u00e8 de prim\u00e0ria treballem la rob\u00f2tica amb el wedo Lego i els chromebooks.<\/p>\n<p>A continuaci\u00f3 us pengem un v\u00eddeo perqu\u00e8 veieu com gaudim treballant amb aquest nou material.<\/p>\n<p>https:\/\/youtu.be\/NOSW0Jts9IQ<\/p>\n","protected":false},"excerpt":{"rendered":"<p>Els divendres a la tarda a l&#8217;hora d&#8217;habilitats de matem\u00e0tiques, els alumnes de 6\u00e8 de prim\u00e0ria treballem la rob\u00f2tica amb el wedo Lego i els chromebooks.<br \/>\nA continuaci\u00f3 us pengem un v\u00eddeo perqu\u00e8 veieu com gaudim treballant amb aquest nou material.<br \/>\nhttps:\/\/youtu.be\/NOSW0Jts9IQ<\/p>\n","protected":false},"author":48,"featured_media":3774,"comment_status":"open","ping_status":"closed","sticky":false,"template":"","format":"standard","meta":{"_bbp_topic_count":0,"_bbp_reply_count":0,"_bbp_total_topic_count":0,"_bbp_total_reply_count":0,"_bbp_voice_count":0,"_bbp_anonymous_reply_count":0,"_bbp_topic_count_hidden":0,"_bbp_reply_count_hidden":0,"_bbp_forum_subforum_count":0,"footnotes":""},"categories":[1,4,5,12],"tags":[],"class_list":["post-3773","post","type-post","status-publish","format-standard","has-post-thumbnail","hentry","category-general","category-portada","category-primaria","category-prom20112020"],"post_mailing_queue_ids":[],"_links":{"self":[{"href":"https:\/\/agora.xtec.cat\/esc-jmaragall-sabadell\/wp-json\/wp\/v2\/posts\/3773","targetHints":{"allow":["GET"]}}],"collection":[{"href":"https:\/\/agora.xtec.cat\/esc-jmaragall-sabadell\/wp-json\/wp\/v2\/posts"}],"about":[{"href":"https:\/\/agora.xtec.cat\/esc-jmaragall-sabadell\/wp-json\/wp\/v2\/types\/post"}],"author":[{"embeddable":true,"href":"https:\/\/agora.xtec.cat\/esc-jmaragall-sabadell\/wp-json\/wp\/v2\/users\/48"}],"replies":[{"embeddable":true,"href":"https:\/\/agora.xtec.cat\/esc-jmaragall-sabadell\/wp-json\/wp\/v2\/comments?post=3773"}],"version-history":[{"count":1,"href":"https:\/\/agora.xtec.cat\/esc-jmaragall-sabadell\/wp-json\/wp\/v2\/posts\/3773\/revisions"}],"predecessor-version":[{"id":3775,"href":"https:\/\/agora.xtec.cat\/esc-jmaragall-sabadell\/wp-json\/wp\/v2\/posts\/3773\/revisions\/3775"}],"wp:featuredmedia":[{"embeddable":true,"href":"https:\/\/agora.xtec.cat\/esc-jmaragall-sabadell\/wp-json\/wp\/v2\/media\/3774"}],"wp:attachment":[{"href":"https:\/\/agora.xtec.cat\/esc-jmaragall-sabadell\/wp-json\/wp\/v2\/media?parent=3773"}],"wp:term":[{"taxonomy":"category","embeddable":true,"href":"https:\/\/agora.xtec.cat\/esc-jmaragall-sabadell\/wp-json\/wp\/v2\/categories?post=3773"},{"taxonomy":"post_tag","embeddable":true,"href":"https:\/\/agora.xtec.cat\/esc-jmaragall-sabadell\/wp-json\/wp\/v2\/tags?post=3773"}],"curies":[{"name":"wp","href":"https:\/\/api.w.org\/{rel}","templated":true}]}}