{"id":3767,"date":"2020-01-30T20:40:24","date_gmt":"2020-01-30T19:40:24","guid":{"rendered":"http:\/\/agora.xtec.cat\/esc-jmaragall-sabadell\/?p=3767"},"modified":"2020-01-30T20:40:24","modified_gmt":"2020-01-30T19:40:24","slug":"celebrem-el-dia-de-la-pau","status":"publish","type":"post","link":"https:\/\/agora.xtec.cat\/esc-jmaragall-sabadell\/general\/celebrem-el-dia-de-la-pau\/","title":{"rendered":"Celebrem el dia de la pau"},"content":{"rendered":"<p>Avui dia 30 de gener a l&#8217;escola Joan Maragall hem celebrat el dia de la pau. La coraleta de grans i petits ens han cantat unes can\u00e7ons i ho han fet molt b\u00e9.<\/p>\n<p>A m\u00e9s tots els nens i nenes de l&#8217;escola hem cantat la can\u00e7\u00f3 &#8220;el m\u00f3n seria m\u00e9s feli\u00e7&#8221;. Per acabar la celebraci\u00f3 hem guardat un minut de silenci per la pau mundial i hem pogut mostrar uns cartells decorats amb la paraula &#8220;PAU&#8221; en diferents idiomes de tot el m\u00f3n.<\/p>\n<p>Ha estat una festa molt bonica on tots i totes \u00a0hem gaudit molt.<\/p>\n<p>https:\/\/youtu.be\/SHhEok_Boxs<\/p>\n","protected":false},"excerpt":{"rendered":"<p>Avui dia 30 de gener a l&#8217;escola Joan Maragall hem celebrat el dia de la pau. La coraleta de grans i petits ens han cantat unes can\u00e7ons i ho han fet molt b\u00e9.<br \/>\nA m\u00e9s tots els nens i nenes de l&#8217;escola hem cantat la can\u00e7\u00f3&hellip;  <a href=\"https:\/\/agora.xtec.cat\/esc-jmaragall-sabadell\/general\/celebrem-el-dia-de-la-pau\/\" title=\"Read Celebrem el dia de la pau\">Llegeix m\u00e9s\u00bb<\/a><\/p>\n","protected":false},"author":48,"featured_media":3769,"comment_status":"open","ping_status":"closed","sticky":false,"template":"","format":"standard","meta":{"_bbp_topic_count":0,"_bbp_reply_count":0,"_bbp_total_topic_count":0,"_bbp_total_reply_count":0,"_bbp_voice_count":0,"_bbp_anonymous_reply_count":0,"_bbp_topic_count_hidden":0,"_bbp_reply_count_hidden":0,"_bbp_forum_subforum_count":0,"footnotes":""},"categories":[60,1,4,5],"tags":[],"class_list":["post-3767","post","type-post","status-publish","format-standard","has-post-thumbnail","hentry","category-coraleta","category-general","category-portada","category-primaria"],"post_mailing_queue_ids":[],"_links":{"self":[{"href":"https:\/\/agora.xtec.cat\/esc-jmaragall-sabadell\/wp-json\/wp\/v2\/posts\/3767","targetHints":{"allow":["GET"]}}],"collection":[{"href":"https:\/\/agora.xtec.cat\/esc-jmaragall-sabadell\/wp-json\/wp\/v2\/posts"}],"about":[{"href":"https:\/\/agora.xtec.cat\/esc-jmaragall-sabadell\/wp-json\/wp\/v2\/types\/post"}],"author":[{"embeddable":true,"href":"https:\/\/agora.xtec.cat\/esc-jmaragall-sabadell\/wp-json\/wp\/v2\/users\/48"}],"replies":[{"embeddable":true,"href":"https:\/\/agora.xtec.cat\/esc-jmaragall-sabadell\/wp-json\/wp\/v2\/comments?post=3767"}],"version-history":[{"count":1,"href":"https:\/\/agora.xtec.cat\/esc-jmaragall-sabadell\/wp-json\/wp\/v2\/posts\/3767\/revisions"}],"predecessor-version":[{"id":3768,"href":"https:\/\/agora.xtec.cat\/esc-jmaragall-sabadell\/wp-json\/wp\/v2\/posts\/3767\/revisions\/3768"}],"wp:featuredmedia":[{"embeddable":true,"href":"https:\/\/agora.xtec.cat\/esc-jmaragall-sabadell\/wp-json\/wp\/v2\/media\/3769"}],"wp:attachment":[{"href":"https:\/\/agora.xtec.cat\/esc-jmaragall-sabadell\/wp-json\/wp\/v2\/media?parent=3767"}],"wp:term":[{"taxonomy":"category","embeddable":true,"href":"https:\/\/agora.xtec.cat\/esc-jmaragall-sabadell\/wp-json\/wp\/v2\/categories?post=3767"},{"taxonomy":"post_tag","embeddable":true,"href":"https:\/\/agora.xtec.cat\/esc-jmaragall-sabadell\/wp-json\/wp\/v2\/tags?post=3767"}],"curies":[{"name":"wp","href":"https:\/\/api.w.org\/{rel}","templated":true}]}}