{"id":3751,"date":"2020-01-27T17:59:25","date_gmt":"2020-01-27T16:59:25","guid":{"rendered":"http:\/\/agora.xtec.cat\/esc-jmaragall-sabadell\/?p=3751"},"modified":"2020-01-27T17:59:25","modified_gmt":"2020-01-27T16:59:25","slug":"els-experiments-de-6e","status":"publish","type":"post","link":"https:\/\/agora.xtec.cat\/esc-jmaragall-sabadell\/general\/els-experiments-de-6e\/","title":{"rendered":"Els experiments de 6\u00e8"},"content":{"rendered":"<p>La setmana passada l&#8217;alumnat de 6\u00e8 vam fer quatre experiments sobre; <strong>&#8220;L&#8217;electricitat i el magnetisme<\/strong>&#8220;.<\/p>\n<p>Les mestres no van explicar com fer-ho perqu\u00e8 volien que ho esbrinessin els mateixos alumnes, van donar uns objectes a cada grup i van comen\u00e7ar a investigar. L&#8217;alumnat vam arribar a la conclusi\u00f3 que un dels experiments mostrava el magnetisme amb imants (l&#8217;atracci\u00f3 entre dos pols contraris) i els altres experiments tenien a veure amb l&#8217;electricitat i el corrent el\u00e8ctric utilitzant: una bombeta, un porta bombetes, cables, un motor, un interruptor i una pila<span style=\"font-family: inherit;\"><span style=\"font-size: 1em;\">.<\/span><\/span><\/p>\n<p><a href=\"https:\/\/agora.xtec.cat\/esc-jmaragall-sabadell\/wp-content\/uploads\/usu1082\/2020\/01\/IMG_20200120_160409_compress6.jpg\"><img loading=\"lazy\" decoding=\"async\" class=\"alignnone size-large wp-image-3754\" src=\"https:\/\/agora.xtec.cat\/esc-jmaragall-sabadell\/wp-content\/uploads\/usu1082\/2020\/01\/IMG_20200120_160409_compress6-1024x768.jpg\" alt=\"\" width=\"1024\" height=\"768\" srcset=\"https:\/\/agora.xtec.cat\/esc-jmaragall-sabadell\/wp-content\/uploads\/usu1082\/2020\/01\/IMG_20200120_160409_compress6-1024x768.jpg 1024w, https:\/\/agora.xtec.cat\/esc-jmaragall-sabadell\/wp-content\/uploads\/usu1082\/2020\/01\/IMG_20200120_160409_compress6-300x225.jpg 300w, https:\/\/agora.xtec.cat\/esc-jmaragall-sabadell\/wp-content\/uploads\/usu1082\/2020\/01\/IMG_20200120_160409_compress6-768x576.jpg 768w, https:\/\/agora.xtec.cat\/esc-jmaragall-sabadell\/wp-content\/uploads\/usu1082\/2020\/01\/IMG_20200120_160409_compress6-200x150.jpg 200w, https:\/\/agora.xtec.cat\/esc-jmaragall-sabadell\/wp-content\/uploads\/usu1082\/2020\/01\/IMG_20200120_160409_compress6.jpg 2000w\" sizes=\"auto, (max-width: 1024px) 100vw, 1024px\" \/><\/a> <a href=\"https:\/\/agora.xtec.cat\/esc-jmaragall-sabadell\/wp-content\/uploads\/usu1082\/2020\/01\/IMG-20200127-WA0003_compress8.jpg\"><img loading=\"lazy\" decoding=\"async\" class=\"alignnone size-large wp-image-3756\" src=\"https:\/\/agora.xtec.cat\/esc-jmaragall-sabadell\/wp-content\/uploads\/usu1082\/2020\/01\/IMG-20200127-WA0003_compress8-1024x768.jpg\" alt=\"\" width=\"1024\" height=\"768\" srcset=\"https:\/\/agora.xtec.cat\/esc-jmaragall-sabadell\/wp-content\/uploads\/usu1082\/2020\/01\/IMG-20200127-WA0003_compress8-1024x768.jpg 1024w, https:\/\/agora.xtec.cat\/esc-jmaragall-sabadell\/wp-content\/uploads\/usu1082\/2020\/01\/IMG-20200127-WA0003_compress8-300x225.jpg 300w, https:\/\/agora.xtec.cat\/esc-jmaragall-sabadell\/wp-content\/uploads\/usu1082\/2020\/01\/IMG-20200127-WA0003_compress8-768x576.jpg 768w, https:\/\/agora.xtec.cat\/esc-jmaragall-sabadell\/wp-content\/uploads\/usu1082\/2020\/01\/IMG-20200127-WA0003_compress8-200x150.jpg 200w, https:\/\/agora.xtec.cat\/esc-jmaragall-sabadell\/wp-content\/uploads\/usu1082\/2020\/01\/IMG-20200127-WA0003_compress8.jpg 1599w\" sizes=\"auto, (max-width: 1024px) 100vw, 1024px\" \/><\/a><\/p>\n<p><span style=\"font-family: inherit;\"><span style=\"font-size: 1em;\">Com a conclusi\u00f3 vam extreure que amb l&#8217;experiment del magnetisme no es podien ajuntar dos imants per una part per\u00f2 per l&#8217;altra si <\/span><\/span>perqu\u00e8 al tenir<span style=\"font-family: inherit;\"><span style=\"font-size: 1em;\"> dos pols, el + i el -, nom\u00e9s <\/span><\/span>s&#8217;atrauen si s\u00f3n <span style=\"font-family: inherit;\"><span style=\"font-size: 1em;\">pols diferents, del contrari es repelen.<\/span><\/span><\/p>\n<p style=\"text-align: left;\"><span style=\"font-family: inherit;\"><span style=\"font-size: 1em;\"> Pel que fa al circuit el\u00e8ctric vam veure que si tanc\u00e0vem el circuit la bombeta s&#8217;encenia i el motor funcionava, del contrari no funcionava perqu\u00e8 el circuit<\/span><\/span> estava<span style=\"font-family: inherit;\"><span style=\"font-size: 1em;\"> obert.<\/span><\/span><\/p>\n<p><a href=\"https:\/\/agora.xtec.cat\/esc-jmaragall-sabadell\/wp-content\/uploads\/usu1082\/2020\/01\/IMG-20200127-WA0006_compress6.jpg\"><img loading=\"lazy\" decoding=\"async\" class=\"alignnone size-large wp-image-3757\" src=\"https:\/\/agora.xtec.cat\/esc-jmaragall-sabadell\/wp-content\/uploads\/usu1082\/2020\/01\/IMG-20200127-WA0006_compress6-1024x768.jpg\" alt=\"\" width=\"1024\" height=\"768\" srcset=\"https:\/\/agora.xtec.cat\/esc-jmaragall-sabadell\/wp-content\/uploads\/usu1082\/2020\/01\/IMG-20200127-WA0006_compress6-1024x768.jpg 1024w, https:\/\/agora.xtec.cat\/esc-jmaragall-sabadell\/wp-content\/uploads\/usu1082\/2020\/01\/IMG-20200127-WA0006_compress6-300x225.jpg 300w, https:\/\/agora.xtec.cat\/esc-jmaragall-sabadell\/wp-content\/uploads\/usu1082\/2020\/01\/IMG-20200127-WA0006_compress6-768x576.jpg 768w, https:\/\/agora.xtec.cat\/esc-jmaragall-sabadell\/wp-content\/uploads\/usu1082\/2020\/01\/IMG-20200127-WA0006_compress6-200x150.jpg 200w, https:\/\/agora.xtec.cat\/esc-jmaragall-sabadell\/wp-content\/uploads\/usu1082\/2020\/01\/IMG-20200127-WA0006_compress6.jpg 1599w\" sizes=\"auto, (max-width: 1024px) 100vw, 1024px\" \/><\/a><\/p>\n<p><a href=\"https:\/\/agora.xtec.cat\/esc-jmaragall-sabadell\/wp-content\/uploads\/usu1082\/2020\/01\/IMG_20200120_155116_compress2.jpg\"><img loading=\"lazy\" decoding=\"async\" class=\"alignnone size-large wp-image-3755\" src=\"https:\/\/agora.xtec.cat\/esc-jmaragall-sabadell\/wp-content\/uploads\/usu1082\/2020\/01\/IMG_20200120_155116_compress2-1024x768.jpg\" alt=\"\" width=\"1024\" height=\"768\" srcset=\"https:\/\/agora.xtec.cat\/esc-jmaragall-sabadell\/wp-content\/uploads\/usu1082\/2020\/01\/IMG_20200120_155116_compress2-1024x768.jpg 1024w, https:\/\/agora.xtec.cat\/esc-jmaragall-sabadell\/wp-content\/uploads\/usu1082\/2020\/01\/IMG_20200120_155116_compress2-300x225.jpg 300w, https:\/\/agora.xtec.cat\/esc-jmaragall-sabadell\/wp-content\/uploads\/usu1082\/2020\/01\/IMG_20200120_155116_compress2-768x576.jpg 768w, https:\/\/agora.xtec.cat\/esc-jmaragall-sabadell\/wp-content\/uploads\/usu1082\/2020\/01\/IMG_20200120_155116_compress2-200x150.jpg 200w, https:\/\/agora.xtec.cat\/esc-jmaragall-sabadell\/wp-content\/uploads\/usu1082\/2020\/01\/IMG_20200120_155116_compress2.jpg 2000w\" sizes=\"auto, (max-width: 1024px) 100vw, 1024px\" \/><\/a><\/p>\n<p><a href=\"https:\/\/agora.xtec.cat\/esc-jmaragall-sabadell\/wp-content\/uploads\/usu1082\/2020\/01\/IMG_20200127_174956_compress73.jpg\"><img loading=\"lazy\" decoding=\"async\" class=\"alignnone size-large wp-image-3759\" src=\"https:\/\/agora.xtec.cat\/esc-jmaragall-sabadell\/wp-content\/uploads\/usu1082\/2020\/01\/IMG_20200127_174956_compress73-1024x992.jpg\" alt=\"\" width=\"1024\" height=\"992\" srcset=\"https:\/\/agora.xtec.cat\/esc-jmaragall-sabadell\/wp-content\/uploads\/usu1082\/2020\/01\/IMG_20200127_174956_compress73-1024x992.jpg 1024w, https:\/\/agora.xtec.cat\/esc-jmaragall-sabadell\/wp-content\/uploads\/usu1082\/2020\/01\/IMG_20200127_174956_compress73-300x291.jpg 300w, https:\/\/agora.xtec.cat\/esc-jmaragall-sabadell\/wp-content\/uploads\/usu1082\/2020\/01\/IMG_20200127_174956_compress73-768x744.jpg 768w, https:\/\/agora.xtec.cat\/esc-jmaragall-sabadell\/wp-content\/uploads\/usu1082\/2020\/01\/IMG_20200127_174956_compress73.jpg 1157w\" sizes=\"auto, (max-width: 1024px) 100vw, 1024px\" \/><\/a><\/p>\n<p>Alumne de 6\u00e8 B<\/p>\n","protected":false},"excerpt":{"rendered":"<p>La setmana passada l&#8217;alumnat de 6\u00e8 vam fer quatre experiments sobre; &#8220;L&#8217;electricitat i el magnetisme&#8220;.<br \/>\nLes mestres no van explicar com fer-ho perqu\u00e8 volien que ho esbrinessin els mateixos alumnes, van donar uns objectes a cada grup i van comen\u00e7ar a investigar. L&#8217;alumnat vam arribar a&hellip;  <a href=\"https:\/\/agora.xtec.cat\/esc-jmaragall-sabadell\/general\/els-experiments-de-6e\/\" title=\"Read Els experiments de 6\u00e8\">Llegeix m\u00e9s\u00bb<\/a><\/p>\n","protected":false},"author":36,"featured_media":3760,"comment_status":"open","ping_status":"closed","sticky":false,"template":"","format":"standard","meta":{"_bbp_topic_count":0,"_bbp_reply_count":0,"_bbp_total_topic_count":0,"_bbp_total_reply_count":0,"_bbp_voice_count":0,"_bbp_anonymous_reply_count":0,"_bbp_topic_count_hidden":0,"_bbp_reply_count_hidden":0,"_bbp_forum_subforum_count":0,"footnotes":""},"categories":[1,4],"tags":[],"class_list":["post-3751","post","type-post","status-publish","format-standard","has-post-thumbnail","hentry","category-general","category-portada"],"post_mailing_queue_ids":[],"_links":{"self":[{"href":"https:\/\/agora.xtec.cat\/esc-jmaragall-sabadell\/wp-json\/wp\/v2\/posts\/3751","targetHints":{"allow":["GET"]}}],"collection":[{"href":"https:\/\/agora.xtec.cat\/esc-jmaragall-sabadell\/wp-json\/wp\/v2\/posts"}],"about":[{"href":"https:\/\/agora.xtec.cat\/esc-jmaragall-sabadell\/wp-json\/wp\/v2\/types\/post"}],"author":[{"embeddable":true,"href":"https:\/\/agora.xtec.cat\/esc-jmaragall-sabadell\/wp-json\/wp\/v2\/users\/36"}],"replies":[{"embeddable":true,"href":"https:\/\/agora.xtec.cat\/esc-jmaragall-sabadell\/wp-json\/wp\/v2\/comments?post=3751"}],"version-history":[{"count":3,"href":"https:\/\/agora.xtec.cat\/esc-jmaragall-sabadell\/wp-json\/wp\/v2\/posts\/3751\/revisions"}],"predecessor-version":[{"id":3761,"href":"https:\/\/agora.xtec.cat\/esc-jmaragall-sabadell\/wp-json\/wp\/v2\/posts\/3751\/revisions\/3761"}],"wp:featuredmedia":[{"embeddable":true,"href":"https:\/\/agora.xtec.cat\/esc-jmaragall-sabadell\/wp-json\/wp\/v2\/media\/3760"}],"wp:attachment":[{"href":"https:\/\/agora.xtec.cat\/esc-jmaragall-sabadell\/wp-json\/wp\/v2\/media?parent=3751"}],"wp:term":[{"taxonomy":"category","embeddable":true,"href":"https:\/\/agora.xtec.cat\/esc-jmaragall-sabadell\/wp-json\/wp\/v2\/categories?post=3751"},{"taxonomy":"post_tag","embeddable":true,"href":"https:\/\/agora.xtec.cat\/esc-jmaragall-sabadell\/wp-json\/wp\/v2\/tags?post=3751"}],"curies":[{"name":"wp","href":"https:\/\/api.w.org\/{rel}","templated":true}]}}