{"id":3706,"date":"2019-12-20T12:03:02","date_gmt":"2019-12-20T11:03:02","guid":{"rendered":"http:\/\/agora.xtec.cat\/esc-jmaragall-sabadell\/?p=3706"},"modified":"2019-12-20T12:03:02","modified_gmt":"2019-12-20T11:03:02","slug":"aqui-es-nadal-i-estic-content","status":"publish","type":"post","link":"https:\/\/agora.xtec.cat\/esc-jmaragall-sabadell\/general\/aqui-es-nadal-i-estic-content\/","title":{"rendered":"Aqu\u00ed \u00e9s Nadal i estic content!!!!"},"content":{"rendered":"<p>Els <strong>alumnes de tercer<\/strong> volem compartir amb vosaltres <strong>aquest v\u00eddeo<\/strong> on ens ho passem d&#8217;all\u00f2 m\u00e9s b\u00e9.<\/p>\n<p>Esperem que us agradi.<\/p>\n<p><strong>BONES FESTES!!!!<iframe loading=\"lazy\" src=\"\/\/www.youtube.com\/embed\/sw8zk2G5RMU\" width=\"560\" height=\"314\" allowfullscreen=\"allowfullscreen\"><\/iframe><\/strong><\/p>\n","protected":false},"excerpt":{"rendered":"<p>Els alumnes de tercer volem compartir amb vosaltres aquest v\u00eddeo on ens ho passem d&#8217;all\u00f2 m\u00e9s b\u00e9.<br \/>\nEsperem que us agradi.<br \/>\nBONES FESTES!!!!<\/p>\n","protected":false},"author":69,"featured_media":0,"comment_status":"open","ping_status":"closed","sticky":false,"template":"","format":"standard","meta":{"_bbp_topic_count":0,"_bbp_reply_count":0,"_bbp_total_topic_count":0,"_bbp_total_reply_count":0,"_bbp_voice_count":0,"_bbp_anonymous_reply_count":0,"_bbp_topic_count_hidden":0,"_bbp_reply_count_hidden":0,"_bbp_forum_subforum_count":0,"footnotes":""},"categories":[1,4,5,9,55],"tags":[],"class_list":["post-3706","post","type-post","status-publish","format-standard","hentry","category-general","category-portada","category-primaria","category-1423a","category-1423b"],"post_mailing_queue_ids":[],"_links":{"self":[{"href":"https:\/\/agora.xtec.cat\/esc-jmaragall-sabadell\/wp-json\/wp\/v2\/posts\/3706","targetHints":{"allow":["GET"]}}],"collection":[{"href":"https:\/\/agora.xtec.cat\/esc-jmaragall-sabadell\/wp-json\/wp\/v2\/posts"}],"about":[{"href":"https:\/\/agora.xtec.cat\/esc-jmaragall-sabadell\/wp-json\/wp\/v2\/types\/post"}],"author":[{"embeddable":true,"href":"https:\/\/agora.xtec.cat\/esc-jmaragall-sabadell\/wp-json\/wp\/v2\/users\/69"}],"replies":[{"embeddable":true,"href":"https:\/\/agora.xtec.cat\/esc-jmaragall-sabadell\/wp-json\/wp\/v2\/comments?post=3706"}],"version-history":[{"count":1,"href":"https:\/\/agora.xtec.cat\/esc-jmaragall-sabadell\/wp-json\/wp\/v2\/posts\/3706\/revisions"}],"predecessor-version":[{"id":3707,"href":"https:\/\/agora.xtec.cat\/esc-jmaragall-sabadell\/wp-json\/wp\/v2\/posts\/3706\/revisions\/3707"}],"wp:attachment":[{"href":"https:\/\/agora.xtec.cat\/esc-jmaragall-sabadell\/wp-json\/wp\/v2\/media?parent=3706"}],"wp:term":[{"taxonomy":"category","embeddable":true,"href":"https:\/\/agora.xtec.cat\/esc-jmaragall-sabadell\/wp-json\/wp\/v2\/categories?post=3706"},{"taxonomy":"post_tag","embeddable":true,"href":"https:\/\/agora.xtec.cat\/esc-jmaragall-sabadell\/wp-json\/wp\/v2\/tags?post=3706"}],"curies":[{"name":"wp","href":"https:\/\/api.w.org\/{rel}","templated":true}]}}