{"id":3575,"date":"2019-11-23T18:11:24","date_gmt":"2019-11-23T17:11:24","guid":{"rendered":"http:\/\/agora.xtec.cat\/esc-jmaragall-sabadell\/?p=3575"},"modified":"2019-12-01T18:24:01","modified_gmt":"2019-12-01T17:24:01","slug":"taller-de-composiciones-visuals-vincent-van-gogh","status":"publish","type":"post","link":"https:\/\/agora.xtec.cat\/esc-jmaragall-sabadell\/portada\/taller-de-composiciones-visuals-vincent-van-gogh\/","title":{"rendered":"Taller de composiciones visuals- Vincent Van Gogh"},"content":{"rendered":"<p>Els alumnes de tercer han estat experimentant amb <strong>algunes de t\u00e8cniques de pintura<\/strong> emprades per <strong>Vincent Van Gogh<\/strong> i integrant la <strong>fotograf\u00eda<\/strong> en les seves producciones pl\u00e0stiques.<\/p>\n<p>Aqu\u00ed us deixem una breu mostra del treball que estem realitzant des del <strong>taller de composicions visuals.<\/strong><\/p>\n<p>&nbsp;<\/p>\n","protected":false},"excerpt":{"rendered":"<p>Els alumnes de tercer han estat experimentant amb algunes de t\u00e8cniques de pintura emprades per Vincent Van Gogh i integrant la fotograf\u00eda en les seves producciones pl\u00e0stiques.<br \/>\nAqu\u00ed us deixem una breu mostra del treball que estem realitzant des del taller de composicions visuals.<br \/>\n&nbsp;<\/p>\n","protected":false},"author":69,"featured_media":3579,"comment_status":"open","ping_status":"closed","sticky":false,"template":"","format":"standard","meta":{"_bbp_topic_count":0,"_bbp_reply_count":0,"_bbp_total_topic_count":0,"_bbp_total_reply_count":0,"_bbp_voice_count":0,"_bbp_anonymous_reply_count":0,"_bbp_topic_count_hidden":0,"_bbp_reply_count_hidden":0,"_bbp_forum_subforum_count":0,"footnotes":""},"categories":[4],"tags":[],"class_list":["post-3575","post","type-post","status-publish","format-standard","has-post-thumbnail","hentry","category-portada"],"post_mailing_queue_ids":[],"_links":{"self":[{"href":"https:\/\/agora.xtec.cat\/esc-jmaragall-sabadell\/wp-json\/wp\/v2\/posts\/3575","targetHints":{"allow":["GET"]}}],"collection":[{"href":"https:\/\/agora.xtec.cat\/esc-jmaragall-sabadell\/wp-json\/wp\/v2\/posts"}],"about":[{"href":"https:\/\/agora.xtec.cat\/esc-jmaragall-sabadell\/wp-json\/wp\/v2\/types\/post"}],"author":[{"embeddable":true,"href":"https:\/\/agora.xtec.cat\/esc-jmaragall-sabadell\/wp-json\/wp\/v2\/users\/69"}],"replies":[{"embeddable":true,"href":"https:\/\/agora.xtec.cat\/esc-jmaragall-sabadell\/wp-json\/wp\/v2\/comments?post=3575"}],"version-history":[{"count":3,"href":"https:\/\/agora.xtec.cat\/esc-jmaragall-sabadell\/wp-json\/wp\/v2\/posts\/3575\/revisions"}],"predecessor-version":[{"id":3623,"href":"https:\/\/agora.xtec.cat\/esc-jmaragall-sabadell\/wp-json\/wp\/v2\/posts\/3575\/revisions\/3623"}],"wp:featuredmedia":[{"embeddable":true,"href":"https:\/\/agora.xtec.cat\/esc-jmaragall-sabadell\/wp-json\/wp\/v2\/media\/3579"}],"wp:attachment":[{"href":"https:\/\/agora.xtec.cat\/esc-jmaragall-sabadell\/wp-json\/wp\/v2\/media?parent=3575"}],"wp:term":[{"taxonomy":"category","embeddable":true,"href":"https:\/\/agora.xtec.cat\/esc-jmaragall-sabadell\/wp-json\/wp\/v2\/categories?post=3575"},{"taxonomy":"post_tag","embeddable":true,"href":"https:\/\/agora.xtec.cat\/esc-jmaragall-sabadell\/wp-json\/wp\/v2\/tags?post=3575"}],"curies":[{"name":"wp","href":"https:\/\/api.w.org\/{rel}","templated":true}]}}