{"id":3492,"date":"2019-11-06T21:07:39","date_gmt":"2019-11-06T20:07:39","guid":{"rendered":"http:\/\/agora.xtec.cat\/esc-jmaragall-sabadell\/?p=3492"},"modified":"2019-11-06T22:04:26","modified_gmt":"2019-11-06T21:04:26","slug":"compartim-historia","status":"publish","type":"post","link":"https:\/\/agora.xtec.cat\/esc-jmaragall-sabadell\/general\/compartim-historia\/","title":{"rendered":"COMPARTIM HIST\u00d2RIA"},"content":{"rendered":"<blockquote><p><a style=\"font-family: inherit; font-size: 1em;\" href=\"https:\/\/agora.xtec.cat\/esc-jmaragall-sabadell\/wp-content\/uploads\/usu1082\/2019\/11\/IMG_20191106_085118_compress97.jpg\">Del projecte &#8220;Els invents&#8221; a la hist\u00f2ria de la r\u00e0dio de l&#8217;avi Emilio<img loading=\"lazy\" decoding=\"async\" class=\"alignnone size-large wp-image-3494\" src=\"https:\/\/agora.xtec.cat\/esc-jmaragall-sabadell\/wp-content\/uploads\/usu1082\/2019\/11\/IMG_20191106_085118_compress97-1024x768.jpg\" alt=\"\" width=\"1024\" height=\"768\" srcset=\"https:\/\/agora.xtec.cat\/esc-jmaragall-sabadell\/wp-content\/uploads\/usu1082\/2019\/11\/IMG_20191106_085118_compress97-1024x768.jpg 1024w, https:\/\/agora.xtec.cat\/esc-jmaragall-sabadell\/wp-content\/uploads\/usu1082\/2019\/11\/IMG_20191106_085118_compress97-300x225.jpg 300w, https:\/\/agora.xtec.cat\/esc-jmaragall-sabadell\/wp-content\/uploads\/usu1082\/2019\/11\/IMG_20191106_085118_compress97-768x576.jpg 768w, https:\/\/agora.xtec.cat\/esc-jmaragall-sabadell\/wp-content\/uploads\/usu1082\/2019\/11\/IMG_20191106_085118_compress97-200x150.jpg 200w, https:\/\/agora.xtec.cat\/esc-jmaragall-sabadell\/wp-content\/uploads\/usu1082\/2019\/11\/IMG_20191106_085118_compress97.jpg 2000w\" sizes=\"auto, (max-width: 1024px) 100vw, 1024px\" \/><\/a><\/p><\/blockquote>\n<p>Avui l&#8217;Evelyn ens ha vingut a explicar l&#8217;origen de la r\u00e0dio antiga que ens ha prestat per muntar<span style=\"font-family: inherit; font-size: 1em;\"> l&#8217;exposici\u00f3 dels invents i aparells que ens han acompanyat al llarg de la hist\u00f2ria de la humanitat.<\/span><\/p>\n<p>A m\u00e9s de ser una r\u00e0dio dels anys 40, \u00e9s una reliquia que prov\u00e9 d&#8217;una \u00e9poca molt dif\u00edcil en la nostra societat; l&#8217;\u00e9poca de la postguerra.<\/p>\n<p>Continuem recollint invents de totes les \u00e9poques.<\/p>\n<p>Gr\u00e0cies a tothom que esteu col\u2022laborant amb el nostre projecte!<\/p>\n<p>&nbsp;<\/p>\n<p>&nbsp;<\/p>\n","protected":false},"excerpt":{"rendered":"<p><a style=\"font-family: inherit; font-size: 1em;\" href=\"https:\/\/agora.xtec.cat\/esc-jmaragall-sabadell\/wp-content\/uploads\/usu1082\/2019\/11\/IMG_20191106_085118_compress97.jpg\">Del projecte &#8220;Els invents&#8221; a la hist\u00f2ria de la r\u00e0dio de l&#8217;avi Emilio<\/a><br \/>\nAvui l&#8217;Evelyn ens ha vingut a explicar l&#8217;origen de la r\u00e0dio antiga que ens ha prestat per muntar l&#8217;exposici\u00f3 dels invents i aparells que ens han acompanyat al&hellip;  <a href=\"https:\/\/agora.xtec.cat\/esc-jmaragall-sabadell\/general\/compartim-historia\/\" title=\"Read COMPARTIM HIST\u00d2RIA\">Llegeix m\u00e9s\u00bb<\/a><\/p>\n","protected":false},"author":36,"featured_media":3493,"comment_status":"open","ping_status":"closed","sticky":false,"template":"","format":"standard","meta":{"_bbp_topic_count":0,"_bbp_reply_count":0,"_bbp_total_topic_count":0,"_bbp_total_reply_count":0,"_bbp_voice_count":0,"_bbp_anonymous_reply_count":0,"_bbp_topic_count_hidden":0,"_bbp_reply_count_hidden":0,"_bbp_forum_subforum_count":0,"footnotes":""},"categories":[1,4],"tags":[],"class_list":["post-3492","post","type-post","status-publish","format-standard","has-post-thumbnail","hentry","category-general","category-portada"],"post_mailing_queue_ids":[],"_links":{"self":[{"href":"https:\/\/agora.xtec.cat\/esc-jmaragall-sabadell\/wp-json\/wp\/v2\/posts\/3492","targetHints":{"allow":["GET"]}}],"collection":[{"href":"https:\/\/agora.xtec.cat\/esc-jmaragall-sabadell\/wp-json\/wp\/v2\/posts"}],"about":[{"href":"https:\/\/agora.xtec.cat\/esc-jmaragall-sabadell\/wp-json\/wp\/v2\/types\/post"}],"author":[{"embeddable":true,"href":"https:\/\/agora.xtec.cat\/esc-jmaragall-sabadell\/wp-json\/wp\/v2\/users\/36"}],"replies":[{"embeddable":true,"href":"https:\/\/agora.xtec.cat\/esc-jmaragall-sabadell\/wp-json\/wp\/v2\/comments?post=3492"}],"version-history":[{"count":3,"href":"https:\/\/agora.xtec.cat\/esc-jmaragall-sabadell\/wp-json\/wp\/v2\/posts\/3492\/revisions"}],"predecessor-version":[{"id":3498,"href":"https:\/\/agora.xtec.cat\/esc-jmaragall-sabadell\/wp-json\/wp\/v2\/posts\/3492\/revisions\/3498"}],"wp:featuredmedia":[{"embeddable":true,"href":"https:\/\/agora.xtec.cat\/esc-jmaragall-sabadell\/wp-json\/wp\/v2\/media\/3493"}],"wp:attachment":[{"href":"https:\/\/agora.xtec.cat\/esc-jmaragall-sabadell\/wp-json\/wp\/v2\/media?parent=3492"}],"wp:term":[{"taxonomy":"category","embeddable":true,"href":"https:\/\/agora.xtec.cat\/esc-jmaragall-sabadell\/wp-json\/wp\/v2\/categories?post=3492"},{"taxonomy":"post_tag","embeddable":true,"href":"https:\/\/agora.xtec.cat\/esc-jmaragall-sabadell\/wp-json\/wp\/v2\/tags?post=3492"}],"curies":[{"name":"wp","href":"https:\/\/api.w.org\/{rel}","templated":true}]}}