{"id":3440,"date":"2019-10-28T16:13:35","date_gmt":"2019-10-28T15:13:35","guid":{"rendered":"http:\/\/agora.xtec.cat\/esc-jmaragall-sabadell\/?p=3440"},"modified":"2019-10-28T16:13:35","modified_gmt":"2019-10-28T15:13:35","slug":"han-nascut-pollets-al-joan-maragall","status":"publish","type":"post","link":"https:\/\/agora.xtec.cat\/esc-jmaragall-sabadell\/general\/han-nascut-pollets-al-joan-maragall\/","title":{"rendered":"Han nascut pollets al Joan Maragall!!!!"},"content":{"rendered":"<p>La classe de 6\u00e8 A hem treballat el projecte de &#8221; l&#8217;ou al pollet &#8220;. Durant 21 dies hem pogut seguir el proc\u00e9s d\u2019incubaci\u00f3 d\u2019uns ous de gallina, i ens fa molta il\u00b7lusi\u00f3 poder compartir-ho amb tots vosaltres.<\/p>\n<p>Fer el seguiment de la gestaci\u00f3 dels pollets ens ha fet pensar com \u00e9s de m\u00e0gic el proc\u00e9s per crear una nova vida. Aviat us explicarem tot el nostre projecte, deixeu-nos temps per prepara-ho.<\/p>\n<p>A continuaci\u00f3 us mostrem el v\u00eddeo del naixement d&#8217;un dels pollets!<\/p>\n<p><a href=\"https:\/\/drive.google.com\/open?id=1_4THHA9QWIeWvp-paRD7csVnIu9nB4vo\">https:\/\/drive.google.com\/open?id=1_4THHA9QWIeWvp-paRD7csVnIu9nB4vo<\/a><\/p>\n<p>&nbsp;<\/p>\n","protected":false},"excerpt":{"rendered":"<p>La classe de 6\u00e8 A hem treballat el projecte de &#8221; l&#8217;ou al pollet &#8220;. Durant 21 dies hem pogut seguir el proc\u00e9s d\u2019incubaci\u00f3 d\u2019uns ous de gallina, i ens fa molta il\u00b7lusi\u00f3 poder compartir-ho amb tots vosaltres.<br \/>\nFer el seguiment de la gestaci\u00f3 dels pollets&hellip;  <a href=\"https:\/\/agora.xtec.cat\/esc-jmaragall-sabadell\/general\/han-nascut-pollets-al-joan-maragall\/\" title=\"Read Han nascut pollets al Joan Maragall!!!!\">Llegeix m\u00e9s\u00bb<\/a><\/p>\n","protected":false},"author":48,"featured_media":3464,"comment_status":"open","ping_status":"closed","sticky":false,"template":"","format":"standard","meta":{"_bbp_topic_count":0,"_bbp_reply_count":0,"_bbp_total_topic_count":0,"_bbp_total_reply_count":0,"_bbp_voice_count":0,"_bbp_anonymous_reply_count":0,"_bbp_topic_count_hidden":0,"_bbp_reply_count_hidden":0,"_bbp_forum_subforum_count":0,"footnotes":""},"categories":[1,4,5,12],"tags":[],"class_list":["post-3440","post","type-post","status-publish","format-standard","has-post-thumbnail","hentry","category-general","category-portada","category-primaria","category-prom20112020"],"post_mailing_queue_ids":[],"_links":{"self":[{"href":"https:\/\/agora.xtec.cat\/esc-jmaragall-sabadell\/wp-json\/wp\/v2\/posts\/3440","targetHints":{"allow":["GET"]}}],"collection":[{"href":"https:\/\/agora.xtec.cat\/esc-jmaragall-sabadell\/wp-json\/wp\/v2\/posts"}],"about":[{"href":"https:\/\/agora.xtec.cat\/esc-jmaragall-sabadell\/wp-json\/wp\/v2\/types\/post"}],"author":[{"embeddable":true,"href":"https:\/\/agora.xtec.cat\/esc-jmaragall-sabadell\/wp-json\/wp\/v2\/users\/48"}],"replies":[{"embeddable":true,"href":"https:\/\/agora.xtec.cat\/esc-jmaragall-sabadell\/wp-json\/wp\/v2\/comments?post=3440"}],"version-history":[{"count":1,"href":"https:\/\/agora.xtec.cat\/esc-jmaragall-sabadell\/wp-json\/wp\/v2\/posts\/3440\/revisions"}],"predecessor-version":[{"id":3465,"href":"https:\/\/agora.xtec.cat\/esc-jmaragall-sabadell\/wp-json\/wp\/v2\/posts\/3440\/revisions\/3465"}],"wp:featuredmedia":[{"embeddable":true,"href":"https:\/\/agora.xtec.cat\/esc-jmaragall-sabadell\/wp-json\/wp\/v2\/media\/3464"}],"wp:attachment":[{"href":"https:\/\/agora.xtec.cat\/esc-jmaragall-sabadell\/wp-json\/wp\/v2\/media?parent=3440"}],"wp:term":[{"taxonomy":"category","embeddable":true,"href":"https:\/\/agora.xtec.cat\/esc-jmaragall-sabadell\/wp-json\/wp\/v2\/categories?post=3440"},{"taxonomy":"post_tag","embeddable":true,"href":"https:\/\/agora.xtec.cat\/esc-jmaragall-sabadell\/wp-json\/wp\/v2\/tags?post=3440"}],"curies":[{"name":"wp","href":"https:\/\/api.w.org\/{rel}","templated":true}]}}