{"id":3345,"date":"2019-06-07T11:19:00","date_gmt":"2019-06-07T09:19:00","guid":{"rendered":"http:\/\/agora.xtec.cat\/esc-jmaragall-sabadell\/?p=3345"},"modified":"2019-06-07T11:19:21","modified_gmt":"2019-06-07T09:19:21","slug":"sortida-museu-pablo-picasso","status":"publish","type":"post","link":"https:\/\/agora.xtec.cat\/esc-jmaragall-sabadell\/general\/sortida-museu-pablo-picasso\/","title":{"rendered":"Sortida Museu Pablo Picasso"},"content":{"rendered":"<p style=\"text-align: center;\">Els\/les alumnes d&#8217;Educaci\u00f3 Infantil hem estat treballant durant uns dies a les sessions de pl\u00e0stica Pablo Picasso. Ahir vam tenir l&#8217;oportunitat de poder anar a visitar el museu on vam poder observar algunes de les seves obres. Despr\u00e9s vam anar a jugar i passejar pel parc de la ciutadella. S&#8217;ho van passar molt b\u00e9 i van gaudir molt de la sortida. A continuaci\u00f3 trobareu un enlla\u00e7 amb un v\u00eddeo de les fotos de la sortida.<\/p>\n<p><a href=\"https:\/\/youtu.be\/iUuDJJ9YpX4\">https:\/\/youtu.be\/iUuDJJ9YpX4<\/a><\/p>\n","protected":false},"excerpt":{"rendered":"<p>Els\/les alumnes d&#8217;Educaci\u00f3 Infantil hem estat treballant durant uns dies a les sessions de pl\u00e0stica Pablo Picasso. Ahir vam tenir l&#8217;oportunitat de poder anar a visitar el museu on vam poder observar algunes de les seves obres. Despr\u00e9s vam anar a jugar i passejar pel&hellip;  <a href=\"https:\/\/agora.xtec.cat\/esc-jmaragall-sabadell\/general\/sortida-museu-pablo-picasso\/\" title=\"Read Sortida Museu Pablo Picasso\">Llegeix m\u00e9s\u00bb<\/a><\/p>\n","protected":false},"author":37,"featured_media":3346,"comment_status":"open","ping_status":"closed","sticky":false,"template":"","format":"standard","meta":{"_bbp_topic_count":0,"_bbp_reply_count":0,"_bbp_total_topic_count":0,"_bbp_total_reply_count":0,"_bbp_voice_count":0,"_bbp_anonymous_reply_count":0,"_bbp_topic_count_hidden":0,"_bbp_reply_count_hidden":0,"_bbp_forum_subforum_count":0,"footnotes":""},"categories":[1,4],"tags":[],"class_list":["post-3345","post","type-post","status-publish","format-standard","has-post-thumbnail","hentry","category-general","category-portada"],"post_mailing_queue_ids":[],"_links":{"self":[{"href":"https:\/\/agora.xtec.cat\/esc-jmaragall-sabadell\/wp-json\/wp\/v2\/posts\/3345","targetHints":{"allow":["GET"]}}],"collection":[{"href":"https:\/\/agora.xtec.cat\/esc-jmaragall-sabadell\/wp-json\/wp\/v2\/posts"}],"about":[{"href":"https:\/\/agora.xtec.cat\/esc-jmaragall-sabadell\/wp-json\/wp\/v2\/types\/post"}],"author":[{"embeddable":true,"href":"https:\/\/agora.xtec.cat\/esc-jmaragall-sabadell\/wp-json\/wp\/v2\/users\/37"}],"replies":[{"embeddable":true,"href":"https:\/\/agora.xtec.cat\/esc-jmaragall-sabadell\/wp-json\/wp\/v2\/comments?post=3345"}],"version-history":[{"count":1,"href":"https:\/\/agora.xtec.cat\/esc-jmaragall-sabadell\/wp-json\/wp\/v2\/posts\/3345\/revisions"}],"predecessor-version":[{"id":3347,"href":"https:\/\/agora.xtec.cat\/esc-jmaragall-sabadell\/wp-json\/wp\/v2\/posts\/3345\/revisions\/3347"}],"wp:featuredmedia":[{"embeddable":true,"href":"https:\/\/agora.xtec.cat\/esc-jmaragall-sabadell\/wp-json\/wp\/v2\/media\/3346"}],"wp:attachment":[{"href":"https:\/\/agora.xtec.cat\/esc-jmaragall-sabadell\/wp-json\/wp\/v2\/media?parent=3345"}],"wp:term":[{"taxonomy":"category","embeddable":true,"href":"https:\/\/agora.xtec.cat\/esc-jmaragall-sabadell\/wp-json\/wp\/v2\/categories?post=3345"},{"taxonomy":"post_tag","embeddable":true,"href":"https:\/\/agora.xtec.cat\/esc-jmaragall-sabadell\/wp-json\/wp\/v2\/tags?post=3345"}],"curies":[{"name":"wp","href":"https:\/\/api.w.org\/{rel}","templated":true}]}}