{"id":3273,"date":"2019-05-29T13:36:01","date_gmt":"2019-05-29T11:36:01","guid":{"rendered":"http:\/\/agora.xtec.cat\/esc-jmaragall-sabadell\/?p=3273"},"modified":"2019-05-29T13:46:55","modified_gmt":"2019-05-29T11:46:55","slug":"presentacio-projecte-spiderman","status":"publish","type":"post","link":"https:\/\/agora.xtec.cat\/esc-jmaragall-sabadell\/portada\/presentacio-projecte-spiderman\/","title":{"rendered":"PRESENTACI\u00d3 PROJECTE SPIDERMAN"},"content":{"rendered":"<p style=\"text-align: center;\">Els infants de la classe de &#8220;la Mimosa&#8221; van convidar als padrins i padrines a la classe per explicar el mapa conceptual amb tot el que han apr\u00e8s del projecte &#8220;Spiderman&#8221;. Un cop acabada la presentaci\u00f3 els m\u00e9s grans van coavaluar als m\u00e9s petits tenint en compte dos indicadors: Utilitzar un to de veu adequat i mirar al p\u00fablic. Els resultats obtinguts van ser bons, van valorar positivament aquests dos aspectes i la presentaci\u00f3 en general. A continuaci\u00f3 podreu veure el v\u00eddeo amb les fotografies clicant a l&#8217;enlla\u00e7.<\/p>\n<p><a href=\"https:\/\/youtu.be\/PF-3JnW5PPs\">https:\/\/youtu.be\/PF-3JnW5PPs<\/a><\/p>\n<p>&nbsp;<\/p>\n","protected":false},"excerpt":{"rendered":"<p>Els infants de la classe de &#8220;la Mimosa&#8221; van convidar als padrins i padrines a la classe per explicar el mapa conceptual amb tot el que han apr\u00e8s del projecte &#8220;Spiderman&#8221;. Un cop acabada la presentaci\u00f3 els m\u00e9s grans van coavaluar als m\u00e9s petits tenint&hellip;  <a href=\"https:\/\/agora.xtec.cat\/esc-jmaragall-sabadell\/portada\/presentacio-projecte-spiderman\/\" title=\"Read PRESENTACI\u00d3 PROJECTE SPIDERMAN\">Llegeix m\u00e9s\u00bb<\/a><\/p>\n","protected":false},"author":37,"featured_media":3274,"comment_status":"open","ping_status":"closed","sticky":false,"template":"","format":"standard","meta":{"_bbp_topic_count":0,"_bbp_reply_count":0,"_bbp_total_topic_count":0,"_bbp_total_reply_count":0,"_bbp_voice_count":0,"_bbp_anonymous_reply_count":0,"_bbp_topic_count_hidden":0,"_bbp_reply_count_hidden":0,"_bbp_forum_subforum_count":0,"footnotes":""},"categories":[4],"tags":[],"class_list":["post-3273","post","type-post","status-publish","format-standard","has-post-thumbnail","hentry","category-portada"],"post_mailing_queue_ids":[],"_links":{"self":[{"href":"https:\/\/agora.xtec.cat\/esc-jmaragall-sabadell\/wp-json\/wp\/v2\/posts\/3273","targetHints":{"allow":["GET"]}}],"collection":[{"href":"https:\/\/agora.xtec.cat\/esc-jmaragall-sabadell\/wp-json\/wp\/v2\/posts"}],"about":[{"href":"https:\/\/agora.xtec.cat\/esc-jmaragall-sabadell\/wp-json\/wp\/v2\/types\/post"}],"author":[{"embeddable":true,"href":"https:\/\/agora.xtec.cat\/esc-jmaragall-sabadell\/wp-json\/wp\/v2\/users\/37"}],"replies":[{"embeddable":true,"href":"https:\/\/agora.xtec.cat\/esc-jmaragall-sabadell\/wp-json\/wp\/v2\/comments?post=3273"}],"version-history":[{"count":3,"href":"https:\/\/agora.xtec.cat\/esc-jmaragall-sabadell\/wp-json\/wp\/v2\/posts\/3273\/revisions"}],"predecessor-version":[{"id":3278,"href":"https:\/\/agora.xtec.cat\/esc-jmaragall-sabadell\/wp-json\/wp\/v2\/posts\/3273\/revisions\/3278"}],"wp:featuredmedia":[{"embeddable":true,"href":"https:\/\/agora.xtec.cat\/esc-jmaragall-sabadell\/wp-json\/wp\/v2\/media\/3274"}],"wp:attachment":[{"href":"https:\/\/agora.xtec.cat\/esc-jmaragall-sabadell\/wp-json\/wp\/v2\/media?parent=3273"}],"wp:term":[{"taxonomy":"category","embeddable":true,"href":"https:\/\/agora.xtec.cat\/esc-jmaragall-sabadell\/wp-json\/wp\/v2\/categories?post=3273"},{"taxonomy":"post_tag","embeddable":true,"href":"https:\/\/agora.xtec.cat\/esc-jmaragall-sabadell\/wp-json\/wp\/v2\/tags?post=3273"}],"curies":[{"name":"wp","href":"https:\/\/api.w.org\/{rel}","templated":true}]}}