{"id":3266,"date":"2019-05-11T13:17:10","date_gmt":"2019-05-11T11:17:10","guid":{"rendered":"http:\/\/agora.xtec.cat\/esc-jmaragall-sabadell\/?p=3266"},"modified":"2019-05-11T13:17:10","modified_gmt":"2019-05-11T11:17:10","slug":"sortida-estruch-3r","status":"publish","type":"post","link":"https:\/\/agora.xtec.cat\/esc-jmaragall-sabadell\/general\/sortida-estruch-3r\/","title":{"rendered":"Sortida Estruch 3r"},"content":{"rendered":"<p>Aquesta setmana les nenes i els nens de tercer hem anat d&#8217;excursi\u00f3 a l&#8217;Estruch. \u00c9s una f\u00e0brica de creaci\u00f3 d&#8217;arts en viu. All\u00e0 hem vist una vela de circ, bucs insonoritzats per tocar m\u00fasica, artistes assajant, hem practicat acrodansa, i moltes coses m\u00e9s!<\/p>\n<p>Us deixem un v\u00eddeo!<\/p>\n<p>https:\/\/youtu.be\/8H9Ww6bWQY0<\/p>\n","protected":false},"excerpt":{"rendered":"<p>Aquesta setmana les nenes i els nens de tercer hem anat d&#8217;excursi\u00f3 a l&#8217;Estruch. \u00c9s una f\u00e0brica de creaci\u00f3 d&#8217;arts en viu. All\u00e0 hem vist una vela de circ, bucs insonoritzats per tocar m\u00fasica, artistes assajant, hem practicat acrodansa, i moltes coses m\u00e9s!<br \/>\nUs deixem un&hellip;  <a href=\"https:\/\/agora.xtec.cat\/esc-jmaragall-sabadell\/general\/sortida-estruch-3r\/\" title=\"Read Sortida Estruch 3r\">Llegeix m\u00e9s\u00bb<\/a><\/p>\n","protected":false},"author":1,"featured_media":3267,"comment_status":"open","ping_status":"closed","sticky":false,"template":"","format":"standard","meta":{"_bbp_topic_count":0,"_bbp_reply_count":0,"_bbp_total_topic_count":0,"_bbp_total_reply_count":0,"_bbp_voice_count":0,"_bbp_anonymous_reply_count":0,"_bbp_topic_count_hidden":0,"_bbp_reply_count_hidden":0,"_bbp_forum_subforum_count":0,"footnotes":""},"categories":[1,4,5,10,56],"tags":[],"class_list":["post-3266","post","type-post","status-publish","format-standard","has-post-thumbnail","hentry","category-general","category-portada","category-primaria","category-1322a","category-1322b"],"post_mailing_queue_ids":[],"_links":{"self":[{"href":"https:\/\/agora.xtec.cat\/esc-jmaragall-sabadell\/wp-json\/wp\/v2\/posts\/3266","targetHints":{"allow":["GET"]}}],"collection":[{"href":"https:\/\/agora.xtec.cat\/esc-jmaragall-sabadell\/wp-json\/wp\/v2\/posts"}],"about":[{"href":"https:\/\/agora.xtec.cat\/esc-jmaragall-sabadell\/wp-json\/wp\/v2\/types\/post"}],"author":[{"embeddable":true,"href":"https:\/\/agora.xtec.cat\/esc-jmaragall-sabadell\/wp-json\/wp\/v2\/users\/1"}],"replies":[{"embeddable":true,"href":"https:\/\/agora.xtec.cat\/esc-jmaragall-sabadell\/wp-json\/wp\/v2\/comments?post=3266"}],"version-history":[{"count":1,"href":"https:\/\/agora.xtec.cat\/esc-jmaragall-sabadell\/wp-json\/wp\/v2\/posts\/3266\/revisions"}],"predecessor-version":[{"id":3268,"href":"https:\/\/agora.xtec.cat\/esc-jmaragall-sabadell\/wp-json\/wp\/v2\/posts\/3266\/revisions\/3268"}],"wp:featuredmedia":[{"embeddable":true,"href":"https:\/\/agora.xtec.cat\/esc-jmaragall-sabadell\/wp-json\/wp\/v2\/media\/3267"}],"wp:attachment":[{"href":"https:\/\/agora.xtec.cat\/esc-jmaragall-sabadell\/wp-json\/wp\/v2\/media?parent=3266"}],"wp:term":[{"taxonomy":"category","embeddable":true,"href":"https:\/\/agora.xtec.cat\/esc-jmaragall-sabadell\/wp-json\/wp\/v2\/categories?post=3266"},{"taxonomy":"post_tag","embeddable":true,"href":"https:\/\/agora.xtec.cat\/esc-jmaragall-sabadell\/wp-json\/wp\/v2\/tags?post=3266"}],"curies":[{"name":"wp","href":"https:\/\/api.w.org\/{rel}","templated":true}]}}