{"id":3263,"date":"2019-05-11T13:12:48","date_gmt":"2019-05-11T11:12:48","guid":{"rendered":"http:\/\/agora.xtec.cat\/esc-jmaragall-sabadell\/?p=3263"},"modified":"2019-05-11T13:12:48","modified_gmt":"2019-05-11T11:12:48","slug":"sortida-al-parc-catalunya-4t","status":"publish","type":"post","link":"https:\/\/agora.xtec.cat\/esc-jmaragall-sabadell\/general\/sortida-al-parc-catalunya-4t\/","title":{"rendered":"Sortida al parc Catalunya 4t"},"content":{"rendered":"<p>Aquesta setmana les nenes i els nens de quart hem anat d&#8217;excursi\u00f3 al Parc Catalunya de Sabadell. Hem descobert la hist\u00f2ria d&#8217;aquesta fant\u00e0stica zona verda i hem investigat la seva flora i fauna. Ens ha encantat!<\/p>\n<p>Us deixem un v\u00eddeo!<\/p>\n<p>https:\/\/youtu.be\/c1zRXeaKyRo<\/p>\n","protected":false},"excerpt":{"rendered":"<p>Aquesta setmana les nenes i els nens de quart hem anat d&#8217;excursi\u00f3 al Parc Catalunya de Sabadell. Hem descobert la hist\u00f2ria d&#8217;aquesta fant\u00e0stica zona verda i hem investigat la seva flora i fauna. Ens ha encantat!<br \/>\nUs deixem un v\u00eddeo!<br \/>\nhttps:\/\/youtu.be\/c1zRXeaKyRo<\/p>\n","protected":false},"author":1,"featured_media":3264,"comment_status":"open","ping_status":"closed","sticky":false,"template":"","format":"standard","meta":{"_bbp_topic_count":0,"_bbp_reply_count":0,"_bbp_total_topic_count":0,"_bbp_total_reply_count":0,"_bbp_voice_count":0,"_bbp_anonymous_reply_count":0,"_bbp_topic_count_hidden":0,"_bbp_reply_count_hidden":0,"_bbp_forum_subforum_count":0,"footnotes":""},"categories":[1,4,5,11,57],"tags":[],"class_list":["post-3263","post","type-post","status-publish","format-standard","has-post-thumbnail","hentry","category-general","category-portada","category-primaria","category-1221a","category-1221b"],"post_mailing_queue_ids":[],"_links":{"self":[{"href":"https:\/\/agora.xtec.cat\/esc-jmaragall-sabadell\/wp-json\/wp\/v2\/posts\/3263","targetHints":{"allow":["GET"]}}],"collection":[{"href":"https:\/\/agora.xtec.cat\/esc-jmaragall-sabadell\/wp-json\/wp\/v2\/posts"}],"about":[{"href":"https:\/\/agora.xtec.cat\/esc-jmaragall-sabadell\/wp-json\/wp\/v2\/types\/post"}],"author":[{"embeddable":true,"href":"https:\/\/agora.xtec.cat\/esc-jmaragall-sabadell\/wp-json\/wp\/v2\/users\/1"}],"replies":[{"embeddable":true,"href":"https:\/\/agora.xtec.cat\/esc-jmaragall-sabadell\/wp-json\/wp\/v2\/comments?post=3263"}],"version-history":[{"count":1,"href":"https:\/\/agora.xtec.cat\/esc-jmaragall-sabadell\/wp-json\/wp\/v2\/posts\/3263\/revisions"}],"predecessor-version":[{"id":3265,"href":"https:\/\/agora.xtec.cat\/esc-jmaragall-sabadell\/wp-json\/wp\/v2\/posts\/3263\/revisions\/3265"}],"wp:featuredmedia":[{"embeddable":true,"href":"https:\/\/agora.xtec.cat\/esc-jmaragall-sabadell\/wp-json\/wp\/v2\/media\/3264"}],"wp:attachment":[{"href":"https:\/\/agora.xtec.cat\/esc-jmaragall-sabadell\/wp-json\/wp\/v2\/media?parent=3263"}],"wp:term":[{"taxonomy":"category","embeddable":true,"href":"https:\/\/agora.xtec.cat\/esc-jmaragall-sabadell\/wp-json\/wp\/v2\/categories?post=3263"},{"taxonomy":"post_tag","embeddable":true,"href":"https:\/\/agora.xtec.cat\/esc-jmaragall-sabadell\/wp-json\/wp\/v2\/tags?post=3263"}],"curies":[{"name":"wp","href":"https:\/\/api.w.org\/{rel}","templated":true}]}}