{"id":3186,"date":"2019-03-25T21:31:01","date_gmt":"2019-03-25T20:31:01","guid":{"rendered":"http:\/\/agora.xtec.cat\/esc-jmaragall-sabadell\/?p=3186"},"modified":"2019-03-25T21:33:46","modified_gmt":"2019-03-25T20:33:46","slug":"preinscripcions-curs-19-20","status":"publish","type":"post","link":"https:\/\/agora.xtec.cat\/esc-jmaragall-sabadell\/portada\/preinscripcions-curs-19-20\/","title":{"rendered":"PREINSCRIPCIONS CURS 19\/20"},"content":{"rendered":"<h3><strong>COMEN\u00c7A EL PER\u00cdODE DE PREINSCRIPCI\u00d3 PER AL CURS 19\/20<\/strong><\/h3>\n<h3>El proper divendres 29 de mar\u00e7 comen\u00e7a el per\u00edode de preinscripci\u00f3 per al proper curs 2019\/2020.<\/h3>\n<h5>Si teniu nens i\/o nenes nascuts a l&#8217;any 2016 (3 anys o a punt de complir-los) que hagin de comen\u00e7ar el curs al setembre, heu de passar per l&#8217;escola per tal de formalitzar la preinscripci\u00f3.<\/h5>\n<p>Documentaci\u00f3 que cal portar per realitzar la preinscripci\u00f3 en tots els casos:<\/p>\n<ul>\n<li>Fotoc\u00f2pia del llibre de fam\u00edlia o certificat de naixement<\/li>\n<li>Fotoc\u00f2pia del DNI-NIE- passaport del pare-mare-tutor\/a<\/li>\n<li>Fotoc\u00f2pia de la targeta sanit\u00e0ria<\/li>\n<li>Fotoc\u00f2pia del carnet de vacunes o certificat m\u00e8dic<\/li>\n<li>1 fotografia (mida carnet) alumnes d&#8217;Educaci\u00f3 Infantil<\/li>\n<\/ul>\n<p>Documentaci\u00f3 que cal acreditar si \u00e9s el cas:<\/p>\n<ul>\n<li>Carnet de fam\u00edlia nombrosa o monoparental<\/li>\n<li>Documentaci\u00f3 acreditativa de beneficiari de PIRMI<\/li>\n<li>Certificat oficial per discapacitat superior al 33%<\/li>\n<\/ul>\n<h3>HORARI:<\/h3>\n<p>DIVENDRES 29 DE MAR\u00c7 &#8211; 8:45 A 13:00<\/p>\n<p>DILLUNS 1 D&#8217;ABRIL &#8211; 8:45 A 13:00 I DE 15:00 A 16:00<\/p>\n<p>DIMARTS 2 D&#8217;ABRIL &#8211; 8:45 A 13:00<\/p>\n<p>DIMECRES 3 D&#8217;ABRIL. &#8211; 8:45 A 13:00 I DE 15:00 A 16:00<\/p>\n<p>DIJOUS 4 D&#8217;ABRIL DE 8:45 A 11:00<\/p>\n<p>DIVENDRES 5 D&#8217;ABRIL DE 8:45 A 13:00<\/p>\n<p>DILLUNS 6 D&#8217;ABRIL DE 8:45 A 13:00 I DE 15:00 A 16:00<\/p>\n<p>DIMARTS 9 D&#8217;ABRIL DE 8:45 A 13:00<\/p>\n","protected":false},"excerpt":{"rendered":"<p>COMEN\u00c7A EL PER\u00cdODE DE PREINSCRIPCI\u00d3 PER AL CURS 19\/20<br \/>\nEl proper divendres 29 de mar\u00e7 comen\u00e7a el per\u00edode de preinscripci\u00f3 per al proper curs 2019\/2020.<br \/>\nSi teniu nens i\/o nenes nascuts a l&#8217;any 2016 (3 anys o a punt de complir-los) que hagin de comen\u00e7ar el curs&hellip;  <a href=\"https:\/\/agora.xtec.cat\/esc-jmaragall-sabadell\/portada\/preinscripcions-curs-19-20\/\" title=\"Read PREINSCRIPCIONS CURS 19\/20\">Llegeix m\u00e9s\u00bb<\/a><\/p>\n","protected":false},"author":1,"featured_media":3184,"comment_status":"open","ping_status":"closed","sticky":false,"template":"","format":"standard","meta":{"_bbp_topic_count":0,"_bbp_reply_count":0,"_bbp_total_topic_count":0,"_bbp_total_reply_count":0,"_bbp_voice_count":0,"_bbp_anonymous_reply_count":0,"_bbp_topic_count_hidden":0,"_bbp_reply_count_hidden":0,"_bbp_forum_subforum_count":0,"footnotes":""},"categories":[4],"tags":[],"class_list":["post-3186","post","type-post","status-publish","format-standard","has-post-thumbnail","hentry","category-portada"],"post_mailing_queue_ids":[],"_links":{"self":[{"href":"https:\/\/agora.xtec.cat\/esc-jmaragall-sabadell\/wp-json\/wp\/v2\/posts\/3186","targetHints":{"allow":["GET"]}}],"collection":[{"href":"https:\/\/agora.xtec.cat\/esc-jmaragall-sabadell\/wp-json\/wp\/v2\/posts"}],"about":[{"href":"https:\/\/agora.xtec.cat\/esc-jmaragall-sabadell\/wp-json\/wp\/v2\/types\/post"}],"author":[{"embeddable":true,"href":"https:\/\/agora.xtec.cat\/esc-jmaragall-sabadell\/wp-json\/wp\/v2\/users\/1"}],"replies":[{"embeddable":true,"href":"https:\/\/agora.xtec.cat\/esc-jmaragall-sabadell\/wp-json\/wp\/v2\/comments?post=3186"}],"version-history":[{"count":3,"href":"https:\/\/agora.xtec.cat\/esc-jmaragall-sabadell\/wp-json\/wp\/v2\/posts\/3186\/revisions"}],"predecessor-version":[{"id":3189,"href":"https:\/\/agora.xtec.cat\/esc-jmaragall-sabadell\/wp-json\/wp\/v2\/posts\/3186\/revisions\/3189"}],"wp:featuredmedia":[{"embeddable":true,"href":"https:\/\/agora.xtec.cat\/esc-jmaragall-sabadell\/wp-json\/wp\/v2\/media\/3184"}],"wp:attachment":[{"href":"https:\/\/agora.xtec.cat\/esc-jmaragall-sabadell\/wp-json\/wp\/v2\/media?parent=3186"}],"wp:term":[{"taxonomy":"category","embeddable":true,"href":"https:\/\/agora.xtec.cat\/esc-jmaragall-sabadell\/wp-json\/wp\/v2\/categories?post=3186"},{"taxonomy":"post_tag","embeddable":true,"href":"https:\/\/agora.xtec.cat\/esc-jmaragall-sabadell\/wp-json\/wp\/v2\/tags?post=3186"}],"curies":[{"name":"wp","href":"https:\/\/api.w.org\/{rel}","templated":true}]}}