{"id":3133,"date":"2019-03-19T09:11:17","date_gmt":"2019-03-19T08:11:17","guid":{"rendered":"http:\/\/agora.xtec.cat\/esc-jmaragall-sabadell\/?p=3133"},"modified":"2019-03-19T09:11:17","modified_gmt":"2019-03-19T08:11:17","slug":"joan-brossa-i-els-poemes-visuals-4t","status":"publish","type":"post","link":"https:\/\/agora.xtec.cat\/esc-jmaragall-sabadell\/general\/joan-brossa-i-els-poemes-visuals-4t\/","title":{"rendered":"Joan Brossa i els poemes visuals 4t"},"content":{"rendered":"<p>Joan Brossa i\u00a0<span class=\"hiddenSpellError\">Cuervo<\/span>\u00a0fou un poeta, dramaturg i artista pl\u00e0stic catal\u00e0, encara que ell denominava com a \u00abpoesia\u00bb tot el que feia. \u00c9s possiblement el poeta avantguardista catal\u00e0 m\u00e9s important de la segona meitat del segle XX. La setmana passada els nens i nenes de quart, i tamb\u00e9 les nostres fam\u00edlies, vam aprendre a fer poesies visuals com\u00a0<span class=\"hiddenGrammarError\" style=\"padding-bottom: 2px; background-image: url('..\/..\/..\/..\/..\/images\/squiggle.png'); background-repeat: repeat-x; background-position: left bottom; cursor: default; color: #666666; font-family: 'Open Sans', Helvetica, Arial, sans-serif; font-size: 16px; font-style: normal; font-variant-ligatures: normal; font-variant-caps: normal; font-weight: 300; letter-spacing: normal; orphans: 2; text-align: start; text-indent: 0px; text-transform: none; white-space: normal; widows: 2; word-spacing: 0px; -webkit-text-stroke-width: 0px; text-decoration-style: initial; text-decoration-color: initial;\">ell.<\/span><\/p>\n<p>Us deixem un petit video!<\/p>\n<p>https:\/\/www.youtube.com\/watch?v=0u-pCm4RHD8<\/p>\n","protected":false},"excerpt":{"rendered":"<p>Joan Brossa i\u00a0Cuervo\u00a0fou un poeta, dramaturg i artista pl\u00e0stic catal\u00e0, encara que ell denominava com a \u00abpoesia\u00bb tot el que feia. \u00c9s possiblement el poeta avantguardista catal\u00e0 m\u00e9s important de la segona meitat del segle XX. La setmana passada els nens i nenes de quart,&hellip;  <a href=\"https:\/\/agora.xtec.cat\/esc-jmaragall-sabadell\/general\/joan-brossa-i-els-poemes-visuals-4t\/\" title=\"Read Joan Brossa i els poemes visuals 4t\">Llegeix m\u00e9s\u00bb<\/a><\/p>\n","protected":false},"author":1,"featured_media":3148,"comment_status":"open","ping_status":"closed","sticky":false,"template":"","format":"standard","meta":{"_bbp_topic_count":0,"_bbp_reply_count":0,"_bbp_total_topic_count":0,"_bbp_total_reply_count":0,"_bbp_voice_count":0,"_bbp_anonymous_reply_count":0,"_bbp_topic_count_hidden":0,"_bbp_reply_count_hidden":0,"_bbp_forum_subforum_count":0,"footnotes":""},"categories":[1,4,5,11,57],"tags":[],"class_list":["post-3133","post","type-post","status-publish","format-standard","has-post-thumbnail","hentry","category-general","category-portada","category-primaria","category-1221a","category-1221b"],"post_mailing_queue_ids":[],"_links":{"self":[{"href":"https:\/\/agora.xtec.cat\/esc-jmaragall-sabadell\/wp-json\/wp\/v2\/posts\/3133","targetHints":{"allow":["GET"]}}],"collection":[{"href":"https:\/\/agora.xtec.cat\/esc-jmaragall-sabadell\/wp-json\/wp\/v2\/posts"}],"about":[{"href":"https:\/\/agora.xtec.cat\/esc-jmaragall-sabadell\/wp-json\/wp\/v2\/types\/post"}],"author":[{"embeddable":true,"href":"https:\/\/agora.xtec.cat\/esc-jmaragall-sabadell\/wp-json\/wp\/v2\/users\/1"}],"replies":[{"embeddable":true,"href":"https:\/\/agora.xtec.cat\/esc-jmaragall-sabadell\/wp-json\/wp\/v2\/comments?post=3133"}],"version-history":[{"count":1,"href":"https:\/\/agora.xtec.cat\/esc-jmaragall-sabadell\/wp-json\/wp\/v2\/posts\/3133\/revisions"}],"predecessor-version":[{"id":3144,"href":"https:\/\/agora.xtec.cat\/esc-jmaragall-sabadell\/wp-json\/wp\/v2\/posts\/3133\/revisions\/3144"}],"wp:featuredmedia":[{"embeddable":true,"href":"https:\/\/agora.xtec.cat\/esc-jmaragall-sabadell\/wp-json\/wp\/v2\/media\/3148"}],"wp:attachment":[{"href":"https:\/\/agora.xtec.cat\/esc-jmaragall-sabadell\/wp-json\/wp\/v2\/media?parent=3133"}],"wp:term":[{"taxonomy":"category","embeddable":true,"href":"https:\/\/agora.xtec.cat\/esc-jmaragall-sabadell\/wp-json\/wp\/v2\/categories?post=3133"},{"taxonomy":"post_tag","embeddable":true,"href":"https:\/\/agora.xtec.cat\/esc-jmaragall-sabadell\/wp-json\/wp\/v2\/tags?post=3133"}],"curies":[{"name":"wp","href":"https:\/\/api.w.org\/{rel}","templated":true}]}}