{"id":3017,"date":"2019-03-05T21:06:28","date_gmt":"2019-03-05T20:06:28","guid":{"rendered":"http:\/\/agora.xtec.cat\/esc-jmaragall-sabadell\/?p=3017"},"modified":"2019-03-05T21:06:45","modified_gmt":"2019-03-05T20:06:45","slug":"qui-agafa-primer-la-pilota","status":"publish","type":"post","link":"https:\/\/agora.xtec.cat\/esc-jmaragall-sabadell\/general\/qui-agafa-primer-la-pilota\/","title":{"rendered":"Qui agafa primer la pilota?"},"content":{"rendered":"<h1 style=\"text-align: center;\"><span style=\"color: #003366;\">Millorem la velocitat de reacci\u00f3!<\/span><\/h1>\n<p style=\"text-align: center;\"><span style=\"color: #008000;\"><strong><em>QUI AGAFA PRIMER LA PILOTA? \ud83d\ude2e\u00a0<\/em><\/strong><\/span><\/p>\n<p style=\"text-align: justify;\">Amb aquest joc tant divertit (entre d&#8217;altres)\u00a0 hem treballat avui velocitat de reacci\u00f3 els alumnes de 5\u00e8 a la classe d&#8217;Educaci\u00f3 F\u00edsica.\u00a0 Esperem us agradi, el proveu i s&#8217;ho passeu tant b\u00e9 com nosaltres! <img src=\"https:\/\/agora.xtec.cat\/esc-jmaragall-sabadell\/wp-includes\/images\/smilies\/mrgreen.png\" alt=\":mrgreen:\" class=\"wp-smiley\" style=\"height: 1em; max-height: 1em;\" \/><\/p>\n<div style=\"width: 1280px;\" class=\"wp-video\"><!--[if lt IE 9]><script>document.createElement('video');<\/script><![endif]-->\n<video class=\"wp-video-shortcode\" id=\"video-3017-1\" width=\"1280\" height=\"720\" preload=\"metadata\" controls=\"controls\"><source type=\"video\/mp4\" src=\"https:\/\/agora.xtec.cat\/esc-jmaragall-sabadell\/wp-content\/uploads\/usu1082\/2019\/03\/VID_20190305_154557.mp4?_=1\" \/><a href=\"https:\/\/agora.xtec.cat\/esc-jmaragall-sabadell\/wp-content\/uploads\/usu1082\/2019\/03\/VID_20190305_154557.mp4\">https:\/\/agora.xtec.cat\/esc-jmaragall-sabadell\/wp-content\/uploads\/usu1082\/2019\/03\/VID_20190305_154557.mp4<\/a><\/video><\/div>\n","protected":false},"excerpt":{"rendered":"<p>Millorem la velocitat de reacci\u00f3!<br \/>\nQUI AGAFA PRIMER LA PILOTA? \ud83d\ude2e\u00a0<br \/>\nAmb aquest joc tant divertit (entre d&#8217;altres)\u00a0 hem treballat avui velocitat de reacci\u00f3 els alumnes de 5\u00e8 a la classe d&#8217;Educaci\u00f3 F\u00edsica.\u00a0 Esperem us agradi, el proveu i s&#8217;ho passeu tant b\u00e9 com nosaltres!<br \/>\n<a href=\"https:\/\/agora.xtec.cat\/esc-jmaragall-sabadell\/wp-content\/uploads\/usu1082\/2019\/03\/VID_20190305_154557.mp4\">https:\/\/agora.xtec.cat\/esc-jmaragall-sabadell\/wp-content\/uploads\/usu1082\/2019\/03\/VID_20190305_154557.mp4<\/a><\/p>\n","protected":false},"author":1,"featured_media":3019,"comment_status":"open","ping_status":"closed","sticky":false,"template":"","format":"standard","meta":{"_bbp_topic_count":0,"_bbp_reply_count":0,"_bbp_total_topic_count":0,"_bbp_total_reply_count":0,"_bbp_voice_count":0,"_bbp_anonymous_reply_count":0,"_bbp_topic_count_hidden":0,"_bbp_reply_count_hidden":0,"_bbp_forum_subforum_count":0,"footnotes":""},"categories":[92,1,4,12],"tags":[91,216,217],"class_list":["post-3017","post","type-post","status-publish","format-standard","has-post-thumbnail","hentry","category-educacio-fisica","category-general","category-portada","category-prom20112020","tag-educacio-fisica","tag-pilotes","tag-velocitat-de-reaccio"],"post_mailing_queue_ids":[],"_links":{"self":[{"href":"https:\/\/agora.xtec.cat\/esc-jmaragall-sabadell\/wp-json\/wp\/v2\/posts\/3017","targetHints":{"allow":["GET"]}}],"collection":[{"href":"https:\/\/agora.xtec.cat\/esc-jmaragall-sabadell\/wp-json\/wp\/v2\/posts"}],"about":[{"href":"https:\/\/agora.xtec.cat\/esc-jmaragall-sabadell\/wp-json\/wp\/v2\/types\/post"}],"author":[{"embeddable":true,"href":"https:\/\/agora.xtec.cat\/esc-jmaragall-sabadell\/wp-json\/wp\/v2\/users\/1"}],"replies":[{"embeddable":true,"href":"https:\/\/agora.xtec.cat\/esc-jmaragall-sabadell\/wp-json\/wp\/v2\/comments?post=3017"}],"version-history":[{"count":1,"href":"https:\/\/agora.xtec.cat\/esc-jmaragall-sabadell\/wp-json\/wp\/v2\/posts\/3017\/revisions"}],"predecessor-version":[{"id":3020,"href":"https:\/\/agora.xtec.cat\/esc-jmaragall-sabadell\/wp-json\/wp\/v2\/posts\/3017\/revisions\/3020"}],"wp:featuredmedia":[{"embeddable":true,"href":"https:\/\/agora.xtec.cat\/esc-jmaragall-sabadell\/wp-json\/wp\/v2\/media\/3019"}],"wp:attachment":[{"href":"https:\/\/agora.xtec.cat\/esc-jmaragall-sabadell\/wp-json\/wp\/v2\/media?parent=3017"}],"wp:term":[{"taxonomy":"category","embeddable":true,"href":"https:\/\/agora.xtec.cat\/esc-jmaragall-sabadell\/wp-json\/wp\/v2\/categories?post=3017"},{"taxonomy":"post_tag","embeddable":true,"href":"https:\/\/agora.xtec.cat\/esc-jmaragall-sabadell\/wp-json\/wp\/v2\/tags?post=3017"}],"curies":[{"name":"wp","href":"https:\/\/api.w.org\/{rel}","templated":true}]}}