{"id":2965,"date":"2019-03-01T10:36:26","date_gmt":"2019-03-01T09:36:26","guid":{"rendered":"http:\/\/agora.xtec.cat\/esc-jmaragall-sabadell\/?p=2965"},"modified":"2019-03-01T10:36:26","modified_gmt":"2019-03-01T09:36:26","slug":"carnestoltes-europeu","status":"publish","type":"post","link":"https:\/\/agora.xtec.cat\/esc-jmaragall-sabadell\/general\/carnestoltes-europeu\/","title":{"rendered":"Carnestoltes europeu"},"content":{"rendered":"<p>Dijous passat vam celebrar el Carnestoltes a l&#8217;escola!<\/p>\n<p>Aquest curs ens hem disfressat de diferents pa\u00efsos d&#8217;Europa. Aix\u00f2 \u00e9s, perqu\u00e8, amb motiu de la Setmana Cultural, cada curs, nivell o etapa (en el cas d&#8217;Infantil), est\u00e0 treballant un pa\u00eds d&#8217;aquest continent en el que vivim.<\/p>\n<p>Com podreu veure al v\u00eddeo no sols vam preparar un detall del pa\u00eds que represent\u00e0vem si no que vam preparar una petita coreografia amb m\u00fasica pr\u00f2pia de cada regi\u00f3.<\/p>\n<p>Esperem que us agradi! Nosaltres vam gaudir molt\u00edssim del mat\u00ed .<\/p>\n<p style=\"text-align: center;\"><iframe loading=\"lazy\" src=\"https:\/\/drive.google.com\/file\/d\/1RHq7BGyEiw6Vr9IL_s2ivY9Z3UnwnZK4\/preview\" width=\"640\" height=\"480\"><\/iframe><\/p>\n<p>Molt bon Carnestoltes per tothom!<\/p>\n<p>&nbsp;<\/p>\n<div style=\"width: 100%;\">\n<div style=\"position: relative; padding-bottom: 100.00%; padding-top: 0; height: 0;\"><iframe loading=\"lazy\" style=\"position: absolute; top: 0; left: 0; width: 100%; height: 100%;\" src=\"https:\/\/view.genial.ly\/5c78fb88a159c776290d9574\" width=\"1000px\" height=\"1000px\" frameborder=\"0\" scrolling=\"yes\" allowfullscreen=\"allowfullscreen\"><\/iframe><\/div>\n<\/div>\n","protected":false},"excerpt":{"rendered":"<p>Dijous passat vam celebrar el Carnestoltes a l&#8217;escola!<br \/>\nAquest curs ens hem disfressat de diferents pa\u00efsos d&#8217;Europa. Aix\u00f2 \u00e9s, perqu\u00e8, amb motiu de la Setmana Cultural, cada curs, nivell o etapa (en el cas d&#8217;Infantil), est\u00e0 treballant un pa\u00eds d&#8217;aquest continent en el que vivim.<br \/>\nCom podreu&hellip;  <a href=\"https:\/\/agora.xtec.cat\/esc-jmaragall-sabadell\/general\/carnestoltes-europeu\/\" title=\"Read Carnestoltes europeu\">Llegeix m\u00e9s\u00bb<\/a><\/p>\n","protected":false},"author":11,"featured_media":2966,"comment_status":"open","ping_status":"closed","sticky":false,"template":"","format":"standard","meta":{"_bbp_topic_count":0,"_bbp_reply_count":0,"_bbp_total_topic_count":0,"_bbp_total_reply_count":0,"_bbp_voice_count":0,"_bbp_anonymous_reply_count":0,"_bbp_topic_count_hidden":0,"_bbp_reply_count_hidden":0,"_bbp_forum_subforum_count":0,"footnotes":""},"categories":[1,2,4,5],"tags":[89,102,90,81,82,213,212,214,65,77,78,158,215,71,111,96],"class_list":["post-2965","post","type-post","status-publish","format-standard","has-post-thumbnail","hentry","category-general","category-infantil","category-portada","category-primaria","tag-1r","tag-2n","tag-3ra","tag-5e","tag-6e","tag-carnaval","tag-carnestoltes","tag-europa","tag-musica","tag-p3","tag-p4","tag-p5","tag-paisos","tag-primaria","tag-projecte","tag-setmana-cultural"],"post_mailing_queue_ids":[],"_links":{"self":[{"href":"https:\/\/agora.xtec.cat\/esc-jmaragall-sabadell\/wp-json\/wp\/v2\/posts\/2965","targetHints":{"allow":["GET"]}}],"collection":[{"href":"https:\/\/agora.xtec.cat\/esc-jmaragall-sabadell\/wp-json\/wp\/v2\/posts"}],"about":[{"href":"https:\/\/agora.xtec.cat\/esc-jmaragall-sabadell\/wp-json\/wp\/v2\/types\/post"}],"author":[{"embeddable":true,"href":"https:\/\/agora.xtec.cat\/esc-jmaragall-sabadell\/wp-json\/wp\/v2\/users\/11"}],"replies":[{"embeddable":true,"href":"https:\/\/agora.xtec.cat\/esc-jmaragall-sabadell\/wp-json\/wp\/v2\/comments?post=2965"}],"version-history":[{"count":1,"href":"https:\/\/agora.xtec.cat\/esc-jmaragall-sabadell\/wp-json\/wp\/v2\/posts\/2965\/revisions"}],"predecessor-version":[{"id":2967,"href":"https:\/\/agora.xtec.cat\/esc-jmaragall-sabadell\/wp-json\/wp\/v2\/posts\/2965\/revisions\/2967"}],"wp:featuredmedia":[{"embeddable":true,"href":"https:\/\/agora.xtec.cat\/esc-jmaragall-sabadell\/wp-json\/wp\/v2\/media\/2966"}],"wp:attachment":[{"href":"https:\/\/agora.xtec.cat\/esc-jmaragall-sabadell\/wp-json\/wp\/v2\/media?parent=2965"}],"wp:term":[{"taxonomy":"category","embeddable":true,"href":"https:\/\/agora.xtec.cat\/esc-jmaragall-sabadell\/wp-json\/wp\/v2\/categories?post=2965"},{"taxonomy":"post_tag","embeddable":true,"href":"https:\/\/agora.xtec.cat\/esc-jmaragall-sabadell\/wp-json\/wp\/v2\/tags?post=2965"}],"curies":[{"name":"wp","href":"https:\/\/api.w.org\/{rel}","templated":true}]}}