{"id":2922,"date":"2019-02-23T10:21:42","date_gmt":"2019-02-23T09:21:42","guid":{"rendered":"http:\/\/agora.xtec.cat\/esc-jmaragall-sabadell\/?p=2922"},"modified":"2019-02-23T10:22:30","modified_gmt":"2019-02-23T09:22:30","slug":"els-bastoners-de-sabadell-ens-visiten","status":"publish","type":"post","link":"https:\/\/agora.xtec.cat\/esc-jmaragall-sabadell\/portada\/els-bastoners-de-sabadell-ens-visiten\/","title":{"rendered":"Els Bastoners de Sabadell ens visiten!"},"content":{"rendered":"<p>El divendres 22 de febrer vam comptar amb una visita molt especial! Els Bastoners de Sabadell van vindre a l&#8217;escola a explicar-nos als i les alumnes de 6\u00e8 com va aix\u00f2 del Ball de Bastons.<\/p>\n<p>Primer ens van explicar els origens d&#8217;aquest ball tradicional i tamb\u00e9 el per qu\u00e8 de la roba que utilitzen per ballar.<\/p>\n<p>A continuaci\u00f3, vam sortir al pati de Cicle Superior i ens vam posar a practicar. En aquest v\u00eddeo podreu veure els resultats. Com ho veieu? Podr\u00edem ser bons bastoners?<\/p>\n<p>https:\/\/www.youtube.com\/watch?v=pMptka0dWF8<\/p>\n<p>Moltes gr\u00e0cies al Rub\u00e9n i la Merc\u00e8!<\/p>\n","protected":false},"excerpt":{"rendered":"<p>El divendres 22 de febrer vam comptar amb una visita molt especial! Els Bastoners de Sabadell van vindre a l&#8217;escola a explicar-nos als i les alumnes de 6\u00e8 com va aix\u00f2 del Ball de Bastons.<br \/>\nPrimer ens van explicar els origens d&#8217;aquest ball tradicional i tamb\u00e9&hellip;  <a href=\"https:\/\/agora.xtec.cat\/esc-jmaragall-sabadell\/portada\/els-bastoners-de-sabadell-ens-visiten\/\" title=\"Read Els Bastoners de Sabadell ens visiten!\">Llegeix m\u00e9s\u00bb<\/a><\/p>\n","protected":false},"author":11,"featured_media":2923,"comment_status":"open","ping_status":"closed","sticky":false,"template":"","format":"standard","meta":{"_bbp_topic_count":0,"_bbp_reply_count":0,"_bbp_total_topic_count":0,"_bbp_total_reply_count":0,"_bbp_voice_count":0,"_bbp_anonymous_reply_count":0,"_bbp_topic_count_hidden":0,"_bbp_reply_count_hidden":0,"_bbp_forum_subforum_count":0,"footnotes":""},"categories":[61,4,13,59],"tags":[207,206,205,210,65,209,208,211],"class_list":["post-2922","post","type-post","status-publish","format-standard","has-post-thumbnail","hentry","category-musica","category-portada","category-2010-2019a","category-2010-2019b","tag-ballem","tag-bastoners","tag-bastons","tag-festes-de-sabadell","tag-musica","tag-popular","tag-tradicions","tag-tradicions-catalanes"],"post_mailing_queue_ids":[],"_links":{"self":[{"href":"https:\/\/agora.xtec.cat\/esc-jmaragall-sabadell\/wp-json\/wp\/v2\/posts\/2922","targetHints":{"allow":["GET"]}}],"collection":[{"href":"https:\/\/agora.xtec.cat\/esc-jmaragall-sabadell\/wp-json\/wp\/v2\/posts"}],"about":[{"href":"https:\/\/agora.xtec.cat\/esc-jmaragall-sabadell\/wp-json\/wp\/v2\/types\/post"}],"author":[{"embeddable":true,"href":"https:\/\/agora.xtec.cat\/esc-jmaragall-sabadell\/wp-json\/wp\/v2\/users\/11"}],"replies":[{"embeddable":true,"href":"https:\/\/agora.xtec.cat\/esc-jmaragall-sabadell\/wp-json\/wp\/v2\/comments?post=2922"}],"version-history":[{"count":2,"href":"https:\/\/agora.xtec.cat\/esc-jmaragall-sabadell\/wp-json\/wp\/v2\/posts\/2922\/revisions"}],"predecessor-version":[{"id":2925,"href":"https:\/\/agora.xtec.cat\/esc-jmaragall-sabadell\/wp-json\/wp\/v2\/posts\/2922\/revisions\/2925"}],"wp:featuredmedia":[{"embeddable":true,"href":"https:\/\/agora.xtec.cat\/esc-jmaragall-sabadell\/wp-json\/wp\/v2\/media\/2923"}],"wp:attachment":[{"href":"https:\/\/agora.xtec.cat\/esc-jmaragall-sabadell\/wp-json\/wp\/v2\/media?parent=2922"}],"wp:term":[{"taxonomy":"category","embeddable":true,"href":"https:\/\/agora.xtec.cat\/esc-jmaragall-sabadell\/wp-json\/wp\/v2\/categories?post=2922"},{"taxonomy":"post_tag","embeddable":true,"href":"https:\/\/agora.xtec.cat\/esc-jmaragall-sabadell\/wp-json\/wp\/v2\/tags?post=2922"}],"curies":[{"name":"wp","href":"https:\/\/api.w.org\/{rel}","templated":true}]}}