{"id":2902,"date":"2019-02-18T19:04:44","date_gmt":"2019-02-18T18:04:44","guid":{"rendered":"http:\/\/agora.xtec.cat\/esc-jmaragall-sabadell\/?p=2902"},"modified":"2019-02-18T19:04:44","modified_gmt":"2019-02-18T18:04:44","slug":"trobada-esportiva-a-lies-agusti-serra","status":"publish","type":"post","link":"https:\/\/agora.xtec.cat\/esc-jmaragall-sabadell\/general\/trobada-esportiva-a-lies-agusti-serra\/","title":{"rendered":"Trobada Esportiva a l&#8217;IES Agust\u00ed Serra"},"content":{"rendered":"<p style=\"text-align: left;\"><strong>TROBADA DELS ALUMNES DE SIS\u00c8 AMB ELS DE PRIMER D&#8217;ESO<\/strong><\/p>\n<p>Com cada els\/les alumnes de sis\u00e8 de l&#8217;escola participen en la Trobada Esportiva que s&#8217;organitza des de l&#8217;IES Agust\u00ed Serra a les instal.lacions esportives del nord de la ciutat. All\u00e0 es tornen a retrobar amb excompanys i excompanyes de l&#8217;escola i comencen a fer lligams amb nens i nenes de sis\u00e8 d&#8217;altres escoles.<\/p>\n<p>https:\/\/youtu.be\/Y30vJ24Omjc<\/p>\n<p>&nbsp;<\/p>\n<p>Jornada esportiva completa! Amb esmorzar incl\u00f2s!<\/p>\n<p><a href=\"https:\/\/agora.xtec.cat\/esc-jmaragall-sabadell\/wp-content\/uploads\/usu1082\/2019\/02\/IMG_20190218_185657.jpg\"><img loading=\"lazy\" decoding=\"async\" class=\"alignnone size-large wp-image-2903\" src=\"https:\/\/agora.xtec.cat\/esc-jmaragall-sabadell\/wp-content\/uploads\/usu1082\/2019\/02\/IMG_20190218_185657-1024x711.jpg\" alt=\"\" width=\"1024\" height=\"711\" srcset=\"https:\/\/agora.xtec.cat\/esc-jmaragall-sabadell\/wp-content\/uploads\/usu1082\/2019\/02\/IMG_20190218_185657-1024x711.jpg 1024w, https:\/\/agora.xtec.cat\/esc-jmaragall-sabadell\/wp-content\/uploads\/usu1082\/2019\/02\/IMG_20190218_185657-300x208.jpg 300w, https:\/\/agora.xtec.cat\/esc-jmaragall-sabadell\/wp-content\/uploads\/usu1082\/2019\/02\/IMG_20190218_185657-768x533.jpg 768w\" sizes=\"auto, (max-width: 1024px) 100vw, 1024px\" \/><\/a><\/p>\n<p>&nbsp;<\/p>\n<p>&nbsp;<\/p>\n","protected":false},"excerpt":{"rendered":"<p>Trobada Esportiva sis\u00e8- ESO&hellip;  <a href=\"https:\/\/agora.xtec.cat\/esc-jmaragall-sabadell\/general\/trobada-esportiva-a-lies-agusti-serra\/\" title=\"Read Trobada Esportiva a l&#8217;IES Agust\u00ed Serra\">Llegeix m\u00e9s\u00bb<\/a><\/p>\n","protected":false},"author":1,"featured_media":2903,"comment_status":"open","ping_status":"closed","sticky":false,"template":"","format":"standard","meta":{"_bbp_topic_count":0,"_bbp_reply_count":0,"_bbp_total_topic_count":0,"_bbp_total_reply_count":0,"_bbp_voice_count":0,"_bbp_anonymous_reply_count":0,"_bbp_topic_count_hidden":0,"_bbp_reply_count_hidden":0,"_bbp_forum_subforum_count":0,"footnotes":""},"categories":[92,14,1,4,13,59],"tags":[],"class_list":["post-2902","post","type-post","status-publish","format-standard","has-post-thumbnail","hentry","category-educacio-fisica","category-exalumnes","category-general","category-portada","category-2010-2019a","category-2010-2019b"],"post_mailing_queue_ids":[],"_links":{"self":[{"href":"https:\/\/agora.xtec.cat\/esc-jmaragall-sabadell\/wp-json\/wp\/v2\/posts\/2902","targetHints":{"allow":["GET"]}}],"collection":[{"href":"https:\/\/agora.xtec.cat\/esc-jmaragall-sabadell\/wp-json\/wp\/v2\/posts"}],"about":[{"href":"https:\/\/agora.xtec.cat\/esc-jmaragall-sabadell\/wp-json\/wp\/v2\/types\/post"}],"author":[{"embeddable":true,"href":"https:\/\/agora.xtec.cat\/esc-jmaragall-sabadell\/wp-json\/wp\/v2\/users\/1"}],"replies":[{"embeddable":true,"href":"https:\/\/agora.xtec.cat\/esc-jmaragall-sabadell\/wp-json\/wp\/v2\/comments?post=2902"}],"version-history":[{"count":1,"href":"https:\/\/agora.xtec.cat\/esc-jmaragall-sabadell\/wp-json\/wp\/v2\/posts\/2902\/revisions"}],"predecessor-version":[{"id":2904,"href":"https:\/\/agora.xtec.cat\/esc-jmaragall-sabadell\/wp-json\/wp\/v2\/posts\/2902\/revisions\/2904"}],"wp:featuredmedia":[{"embeddable":true,"href":"https:\/\/agora.xtec.cat\/esc-jmaragall-sabadell\/wp-json\/wp\/v2\/media\/2903"}],"wp:attachment":[{"href":"https:\/\/agora.xtec.cat\/esc-jmaragall-sabadell\/wp-json\/wp\/v2\/media?parent=2902"}],"wp:term":[{"taxonomy":"category","embeddable":true,"href":"https:\/\/agora.xtec.cat\/esc-jmaragall-sabadell\/wp-json\/wp\/v2\/categories?post=2902"},{"taxonomy":"post_tag","embeddable":true,"href":"https:\/\/agora.xtec.cat\/esc-jmaragall-sabadell\/wp-json\/wp\/v2\/tags?post=2902"}],"curies":[{"name":"wp","href":"https:\/\/api.w.org\/{rel}","templated":true}]}}