{"id":2883,"date":"2019-02-12T12:19:43","date_gmt":"2019-02-12T11:19:43","guid":{"rendered":"http:\/\/agora.xtec.cat\/esc-jmaragall-sabadell\/?p=2883"},"modified":"2019-02-12T12:28:16","modified_gmt":"2019-02-12T11:28:16","slug":"compartim-lesbarjo","status":"publish","type":"post","link":"https:\/\/agora.xtec.cat\/esc-jmaragall-sabadell\/general\/compartim-lesbarjo\/","title":{"rendered":"Compartim l&#8217;Esbarjo!"},"content":{"rendered":"<h1><a href=\"https:\/\/agora.xtec.cat\/esc-jmaragall-sabadell\/wp-content\/uploads\/usu1082\/2019\/02\/IMG_20190212_112805.jpg\">COMPARTIM <\/a><\/h1>\n<h1><\/h1>\n<h1><a href=\"https:\/\/agora.xtec.cat\/esc-jmaragall-sabadell\/wp-content\/uploads\/usu1082\/2019\/02\/IMG_20190212_112805.jpg\">L&#8217;ESBARJO!!!<\/a><a href=\"https:\/\/agora.xtec.cat\/esc-jmaragall-sabadell\/wp-content\/uploads\/usu1082\/2019\/02\/IMG_20190212_112805.jpg\"><img loading=\"lazy\" decoding=\"async\" class=\"wp-image-2884 alignright\" src=\"https:\/\/agora.xtec.cat\/esc-jmaragall-sabadell\/wp-content\/uploads\/usu1082\/2019\/02\/IMG_20190212_112805-1024x666.jpg\" alt=\"\" width=\"411\" height=\"267\" srcset=\"https:\/\/agora.xtec.cat\/esc-jmaragall-sabadell\/wp-content\/uploads\/usu1082\/2019\/02\/IMG_20190212_112805-1024x666.jpg 1024w, https:\/\/agora.xtec.cat\/esc-jmaragall-sabadell\/wp-content\/uploads\/usu1082\/2019\/02\/IMG_20190212_112805-300x195.jpg 300w, https:\/\/agora.xtec.cat\/esc-jmaragall-sabadell\/wp-content\/uploads\/usu1082\/2019\/02\/IMG_20190212_112805-768x500.jpg 768w\" sizes=\"auto, (max-width: 411px) 100vw, 411px\" \/><\/a><\/h1>\n<p>Un curs m\u00e9s, els\/les alumnes de l&#8217;<strong>Escola Joan Maragall<\/strong> dels diferents nivells intercanvien i comparteixen jocs i patis amb companys i companyes d&#8217;altres cicles.<\/p>\n<p>Els alumnes de P4 han jugat al &#8220;<em>Pilla- pilla<\/em>&#8221; amb els alumnes de 6\u00e8B, els alumnes de 6\u00e8A han jugat amb els m\u00e9s petits de P3.<\/p>\n<p>&nbsp;<\/p>\n<p><a href=\"https:\/\/agora.xtec.cat\/esc-jmaragall-sabadell\/wp-content\/uploads\/usu1082\/2019\/02\/IMG_20190212_111319.jpg\"><img loading=\"lazy\" decoding=\"async\" class=\"wp-image-2888 aligncenter\" src=\"https:\/\/agora.xtec.cat\/esc-jmaragall-sabadell\/wp-content\/uploads\/usu1082\/2019\/02\/IMG_20190212_111319-1024x470.jpg\" alt=\"\" width=\"749\" height=\"344\" \/><\/a><\/p>\n<p>Els alumnes de 4rt han ensenyat\u00a0 Jocs Tradicionals Catalans com &#8220;<em>Riba i bassal<\/em>&#8221; , &#8220;<em>La m\u00e0 cremada<\/em>&#8221; i &#8220;<em>Arrencar cebes<\/em>&#8221; als amics de cinqu\u00e8.<\/p>\n<p><a href=\"https:\/\/agora.xtec.cat\/esc-jmaragall-sabadell\/wp-content\/uploads\/usu1082\/2019\/02\/IMG_20190212_112734.jpg\"><img loading=\"lazy\" decoding=\"async\" class=\"alignnone wp-image-2886\" src=\"https:\/\/agora.xtec.cat\/esc-jmaragall-sabadell\/wp-content\/uploads\/usu1082\/2019\/02\/IMG_20190212_112734-1024x723.jpg\" alt=\"\" width=\"351\" height=\"248\" srcset=\"https:\/\/agora.xtec.cat\/esc-jmaragall-sabadell\/wp-content\/uploads\/usu1082\/2019\/02\/IMG_20190212_112734-1024x723.jpg 1024w, https:\/\/agora.xtec.cat\/esc-jmaragall-sabadell\/wp-content\/uploads\/usu1082\/2019\/02\/IMG_20190212_112734-300x212.jpg 300w, https:\/\/agora.xtec.cat\/esc-jmaragall-sabadell\/wp-content\/uploads\/usu1082\/2019\/02\/IMG_20190212_112734-768x543.jpg 768w\" sizes=\"auto, (max-width: 351px) 100vw, 351px\" \/>\u00a0\u00a0\u00a0\u00a0\u00a0<\/a><a href=\"https:\/\/agora.xtec.cat\/esc-jmaragall-sabadell\/wp-content\/uploads\/usu1082\/2019\/02\/IMG_20190212_112212-1.jpg\"><img loading=\"lazy\" decoding=\"async\" class=\"alignnone wp-image-2890\" src=\"https:\/\/agora.xtec.cat\/esc-jmaragall-sabadell\/wp-content\/uploads\/usu1082\/2019\/02\/IMG_20190212_112212-1-1024x556.jpg\" alt=\"\" width=\"449\" height=\"244\" srcset=\"https:\/\/agora.xtec.cat\/esc-jmaragall-sabadell\/wp-content\/uploads\/usu1082\/2019\/02\/IMG_20190212_112212-1-1024x556.jpg 1024w, https:\/\/agora.xtec.cat\/esc-jmaragall-sabadell\/wp-content\/uploads\/usu1082\/2019\/02\/IMG_20190212_112212-1-300x163.jpg 300w, https:\/\/agora.xtec.cat\/esc-jmaragall-sabadell\/wp-content\/uploads\/usu1082\/2019\/02\/IMG_20190212_112212-1-768x417.jpg 768w\" sizes=\"auto, (max-width: 449px) 100vw, 449px\" \/><\/a><\/p>\n<p>Segon i tercer han jugat unes partides al &#8220;<em>3 en ratlla<\/em>&#8221; fent equips barrejats i primer ha convidat a la canalla de P5 a jugar al &#8220;<em>Pica Paret<\/em>&#8220;.<\/p>\n<p><a href=\"https:\/\/agora.xtec.cat\/esc-jmaragall-sabadell\/wp-content\/uploads\/usu1082\/2019\/02\/IMG_20190212_110848.jpg\"><img loading=\"lazy\" decoding=\"async\" class=\"wp-image-2885 alignleft\" src=\"https:\/\/agora.xtec.cat\/esc-jmaragall-sabadell\/wp-content\/uploads\/usu1082\/2019\/02\/IMG_20190212_110848-1024x499.jpg\" alt=\"\" width=\"448\" height=\"218\" srcset=\"https:\/\/agora.xtec.cat\/esc-jmaragall-sabadell\/wp-content\/uploads\/usu1082\/2019\/02\/IMG_20190212_110848-1024x499.jpg 1024w, https:\/\/agora.xtec.cat\/esc-jmaragall-sabadell\/wp-content\/uploads\/usu1082\/2019\/02\/IMG_20190212_110848-300x146.jpg 300w, https:\/\/agora.xtec.cat\/esc-jmaragall-sabadell\/wp-content\/uploads\/usu1082\/2019\/02\/IMG_20190212_110848-768x374.jpg 768w\" sizes=\"auto, (max-width: 448px) 100vw, 448px\" \/><\/a><a href=\"https:\/\/agora.xtec.cat\/esc-jmaragall-sabadell\/wp-content\/uploads\/usu1082\/2019\/02\/IMG_20190212_111421.jpg\"><img loading=\"lazy\" decoding=\"async\" class=\"wp-image-2889 alignleft\" src=\"https:\/\/agora.xtec.cat\/esc-jmaragall-sabadell\/wp-content\/uploads\/usu1082\/2019\/02\/IMG_20190212_111421-1024x711.jpg\" alt=\"\" width=\"316\" height=\"219\" srcset=\"https:\/\/agora.xtec.cat\/esc-jmaragall-sabadell\/wp-content\/uploads\/usu1082\/2019\/02\/IMG_20190212_111421-1024x711.jpg 1024w, https:\/\/agora.xtec.cat\/esc-jmaragall-sabadell\/wp-content\/uploads\/usu1082\/2019\/02\/IMG_20190212_111421-300x208.jpg 300w, https:\/\/agora.xtec.cat\/esc-jmaragall-sabadell\/wp-content\/uploads\/usu1082\/2019\/02\/IMG_20190212_111421-768x533.jpg 768w\" sizes=\"auto, (max-width: 316px) 100vw, 316px\" \/><\/a><\/p>\n<h3><\/h3>\n<h3><\/h3>\n<h3><\/h3>\n<h3><\/h3>\n<h3 style=\"text-align: center;\"><strong>En uns dies repetim!<\/strong><\/h3>\n<p>&nbsp;<\/p>\n","protected":false},"excerpt":{"rendered":"<p>COMPARTIM L&#8217;ESBARJO!!!<\/p>\n<p>Un curs m\u00e9s, els\/les alumnes de l&#8217;Escola Joan Maragall dels diferents nivells intercanvien i comparteixen jocs i patis amb companys i companyes d&#8217;altres cicles.&hellip;  <a href=\"https:\/\/agora.xtec.cat\/esc-jmaragall-sabadell\/general\/compartim-lesbarjo\/\" title=\"Read Compartim l&#8217;Esbarjo!\">Llegeix m\u00e9s\u00bb<\/a><\/p>\n","protected":false},"author":1,"featured_media":2884,"comment_status":"open","ping_status":"closed","sticky":false,"template":"","format":"standard","meta":{"_bbp_topic_count":0,"_bbp_reply_count":0,"_bbp_total_topic_count":0,"_bbp_total_reply_count":0,"_bbp_voice_count":0,"_bbp_anonymous_reply_count":0,"_bbp_topic_count_hidden":0,"_bbp_reply_count_hidden":0,"_bbp_forum_subforum_count":0,"footnotes":""},"categories":[1,4],"tags":[147,204,203],"class_list":["post-2883","post","type-post","status-publish","format-standard","has-post-thumbnail","hentry","category-general","category-portada","tag-compartim","tag-esbarjo","tag-juguem"],"post_mailing_queue_ids":[],"_links":{"self":[{"href":"https:\/\/agora.xtec.cat\/esc-jmaragall-sabadell\/wp-json\/wp\/v2\/posts\/2883","targetHints":{"allow":["GET"]}}],"collection":[{"href":"https:\/\/agora.xtec.cat\/esc-jmaragall-sabadell\/wp-json\/wp\/v2\/posts"}],"about":[{"href":"https:\/\/agora.xtec.cat\/esc-jmaragall-sabadell\/wp-json\/wp\/v2\/types\/post"}],"author":[{"embeddable":true,"href":"https:\/\/agora.xtec.cat\/esc-jmaragall-sabadell\/wp-json\/wp\/v2\/users\/1"}],"replies":[{"embeddable":true,"href":"https:\/\/agora.xtec.cat\/esc-jmaragall-sabadell\/wp-json\/wp\/v2\/comments?post=2883"}],"version-history":[{"count":3,"href":"https:\/\/agora.xtec.cat\/esc-jmaragall-sabadell\/wp-json\/wp\/v2\/posts\/2883\/revisions"}],"predecessor-version":[{"id":2894,"href":"https:\/\/agora.xtec.cat\/esc-jmaragall-sabadell\/wp-json\/wp\/v2\/posts\/2883\/revisions\/2894"}],"wp:featuredmedia":[{"embeddable":true,"href":"https:\/\/agora.xtec.cat\/esc-jmaragall-sabadell\/wp-json\/wp\/v2\/media\/2884"}],"wp:attachment":[{"href":"https:\/\/agora.xtec.cat\/esc-jmaragall-sabadell\/wp-json\/wp\/v2\/media?parent=2883"}],"wp:term":[{"taxonomy":"category","embeddable":true,"href":"https:\/\/agora.xtec.cat\/esc-jmaragall-sabadell\/wp-json\/wp\/v2\/categories?post=2883"},{"taxonomy":"post_tag","embeddable":true,"href":"https:\/\/agora.xtec.cat\/esc-jmaragall-sabadell\/wp-json\/wp\/v2\/tags?post=2883"}],"curies":[{"name":"wp","href":"https:\/\/api.w.org\/{rel}","templated":true}]}}