{"id":2777,"date":"2018-12-23T15:06:29","date_gmt":"2018-12-23T14:06:29","guid":{"rendered":"http:\/\/agora.xtec.cat\/esc-jmaragall-sabadell\/?p=2777"},"modified":"2018-12-23T15:06:29","modified_gmt":"2018-12-23T14:06:29","slug":"concert-de-nadal-2018","status":"publish","type":"post","link":"https:\/\/agora.xtec.cat\/esc-jmaragall-sabadell\/infantil\/concert-de-nadal-2018\/","title":{"rendered":"Concert de Nadal 2018"},"content":{"rendered":"<p>Divendres 21 vam celebrar a l&#8217;escola el tradicional concert de Nadal. Us el deixem complet per si el voleu gaudir una altra vegada.<\/p>\n<p>Va ser un mat\u00ed molt especial i els nens i nenes ho van fer molt i molt b\u00e9!<\/p>\n<p style=\"text-align: center;\"><iframe loading=\"lazy\" src=\"https:\/\/www.youtube.com\/embed\/t74B7OiEx6w\" width=\"560\" height=\"315\" frameborder=\"0\" allowfullscreen=\"allowfullscreen\"><\/iframe><\/p>\n<p>Aquest any els i les mestres del cole tamb\u00e9 es van animar a cantar.<\/p>\n<p><a href=\"https:\/\/agora.xtec.cat\/esc-jmaragall-sabadell\/wp-content\/uploads\/usu1082\/2018\/12\/Screenshot_20181221-160056_Video-Player.jpg\"><img loading=\"lazy\" decoding=\"async\" class=\"alignnone wp-image-2780 aligncenter\" src=\"https:\/\/agora.xtec.cat\/esc-jmaragall-sabadell\/wp-content\/uploads\/usu1082\/2018\/12\/Screenshot_20181221-160056_Video-Player-1024x576.jpg\" alt=\"\" width=\"676\" height=\"380\" srcset=\"https:\/\/agora.xtec.cat\/esc-jmaragall-sabadell\/wp-content\/uploads\/usu1082\/2018\/12\/Screenshot_20181221-160056_Video-Player-1024x576.jpg 1024w, https:\/\/agora.xtec.cat\/esc-jmaragall-sabadell\/wp-content\/uploads\/usu1082\/2018\/12\/Screenshot_20181221-160056_Video-Player-300x169.jpg 300w, https:\/\/agora.xtec.cat\/esc-jmaragall-sabadell\/wp-content\/uploads\/usu1082\/2018\/12\/Screenshot_20181221-160056_Video-Player-768x432.jpg 768w, https:\/\/agora.xtec.cat\/esc-jmaragall-sabadell\/wp-content\/uploads\/usu1082\/2018\/12\/Screenshot_20181221-160056_Video-Player.jpg 1920w\" sizes=\"auto, (max-width: 676px) 100vw, 676px\" \/><\/a><\/p>\n<p>Aquell dia a m\u00e9s a m\u00e9s vam acomiadar a la nostra estimada Mito que es jubila i deixa l&#8217;escola despr\u00e9s de tants anys. Ella promet tornar i d&#8217;ara endavant el nostre hort ser\u00e0 reanomenat &#8220;L&#8217;hort de la Mito&#8221;, que us sembla?<\/p>\n<p><a href=\"https:\/\/agora.xtec.cat\/esc-jmaragall-sabadell\/wp-content\/uploads\/usu1082\/2018\/12\/Screenshot_20181223-144652_Video-Player.jpg\"><img loading=\"lazy\" decoding=\"async\" class=\"wp-image-2781 aligncenter\" src=\"https:\/\/agora.xtec.cat\/esc-jmaragall-sabadell\/wp-content\/uploads\/usu1082\/2018\/12\/Screenshot_20181223-144652_Video-Player-1024x576.jpg\" alt=\"\" width=\"667\" height=\"375\" srcset=\"https:\/\/agora.xtec.cat\/esc-jmaragall-sabadell\/wp-content\/uploads\/usu1082\/2018\/12\/Screenshot_20181223-144652_Video-Player-1024x576.jpg 1024w, https:\/\/agora.xtec.cat\/esc-jmaragall-sabadell\/wp-content\/uploads\/usu1082\/2018\/12\/Screenshot_20181223-144652_Video-Player-300x169.jpg 300w, https:\/\/agora.xtec.cat\/esc-jmaragall-sabadell\/wp-content\/uploads\/usu1082\/2018\/12\/Screenshot_20181223-144652_Video-Player-768x432.jpg 768w, https:\/\/agora.xtec.cat\/esc-jmaragall-sabadell\/wp-content\/uploads\/usu1082\/2018\/12\/Screenshot_20181223-144652_Video-Player.jpg 1920w\" sizes=\"auto, (max-width: 667px) 100vw, 667px\" \/><\/a><\/p>\n<p>Molta sort en aquesta nova etapa que comences i ens veiem aviat!!<\/p>\n<div style=\"width: 100%;\">\n<div style=\"position: relative; padding-bottom: 100%; padding-top: 0; height: 0;\"><iframe loading=\"lazy\" style=\"position: absolute; top: 0; left: 0; width: 100%; height: 100%;\" src=\"https:\/\/view.genial.ly\/5c1f92e7633e1c6e51bff1ed\" width=\"800px\" height=\"800px\" frameborder=\"0\" scrolling=\"yes\" allowfullscreen=\"allowfullscreen\"><\/iframe><\/div>\n<\/div>\n","protected":false},"excerpt":{"rendered":"<p>Divendres 21 vam celebrar a l&#8217;escola el tradicional concert de Nadal. Us el deixem complet per si el voleu gaudir una altra vegada.<br \/>\nVa ser un mat\u00ed molt especial i els nens i nenes ho van fer molt i molt b\u00e9!<\/p>\n<p>Aquest any els i les mestres&hellip;  <a href=\"https:\/\/agora.xtec.cat\/esc-jmaragall-sabadell\/infantil\/concert-de-nadal-2018\/\" title=\"Read Concert de Nadal 2018\">Llegeix m\u00e9s\u00bb<\/a><\/p>\n","protected":false},"author":11,"featured_media":2781,"comment_status":"open","ping_status":"closed","sticky":false,"template":"","format":"standard","meta":{"_bbp_topic_count":0,"_bbp_reply_count":0,"_bbp_total_topic_count":0,"_bbp_total_reply_count":0,"_bbp_voice_count":0,"_bbp_anonymous_reply_count":0,"_bbp_topic_count_hidden":0,"_bbp_reply_count_hidden":0,"_bbp_forum_subforum_count":0,"footnotes":""},"categories":[2,61,4,5],"tags":[68,194,196,192,195,193],"class_list":["post-2777","post","type-post","status-publish","format-standard","has-post-thumbnail","hentry","category-infantil","category-musica","category-portada","category-primaria","tag-cancons","tag-comiats","tag-concert","tag-concert-de-nadal","tag-mito","tag-nadales"],"post_mailing_queue_ids":[],"_links":{"self":[{"href":"https:\/\/agora.xtec.cat\/esc-jmaragall-sabadell\/wp-json\/wp\/v2\/posts\/2777","targetHints":{"allow":["GET"]}}],"collection":[{"href":"https:\/\/agora.xtec.cat\/esc-jmaragall-sabadell\/wp-json\/wp\/v2\/posts"}],"about":[{"href":"https:\/\/agora.xtec.cat\/esc-jmaragall-sabadell\/wp-json\/wp\/v2\/types\/post"}],"author":[{"embeddable":true,"href":"https:\/\/agora.xtec.cat\/esc-jmaragall-sabadell\/wp-json\/wp\/v2\/users\/11"}],"replies":[{"embeddable":true,"href":"https:\/\/agora.xtec.cat\/esc-jmaragall-sabadell\/wp-json\/wp\/v2\/comments?post=2777"}],"version-history":[{"count":3,"href":"https:\/\/agora.xtec.cat\/esc-jmaragall-sabadell\/wp-json\/wp\/v2\/posts\/2777\/revisions"}],"predecessor-version":[{"id":2783,"href":"https:\/\/agora.xtec.cat\/esc-jmaragall-sabadell\/wp-json\/wp\/v2\/posts\/2777\/revisions\/2783"}],"wp:featuredmedia":[{"embeddable":true,"href":"https:\/\/agora.xtec.cat\/esc-jmaragall-sabadell\/wp-json\/wp\/v2\/media\/2781"}],"wp:attachment":[{"href":"https:\/\/agora.xtec.cat\/esc-jmaragall-sabadell\/wp-json\/wp\/v2\/media?parent=2777"}],"wp:term":[{"taxonomy":"category","embeddable":true,"href":"https:\/\/agora.xtec.cat\/esc-jmaragall-sabadell\/wp-json\/wp\/v2\/categories?post=2777"},{"taxonomy":"post_tag","embeddable":true,"href":"https:\/\/agora.xtec.cat\/esc-jmaragall-sabadell\/wp-json\/wp\/v2\/tags?post=2777"}],"curies":[{"name":"wp","href":"https:\/\/api.w.org\/{rel}","templated":true}]}}