{"id":2749,"date":"2018-11-27T09:54:07","date_gmt":"2018-11-27T08:54:07","guid":{"rendered":"http:\/\/agora.xtec.cat\/esc-jmaragall-sabadell\/?p=2749"},"modified":"2018-11-27T11:47:44","modified_gmt":"2018-11-27T10:47:44","slug":"fem-anuncis-a-la-biblioteca-del-barri-de-can-puiggener-6e","status":"publish","type":"post","link":"https:\/\/agora.xtec.cat\/esc-jmaragall-sabadell\/general\/fem-anuncis-a-la-biblioteca-del-barri-de-can-puiggener-6e\/","title":{"rendered":"Fem anuncis a la biblioteca del barri de Can Puiggener 6\u00e8"},"content":{"rendered":"<p>Durant el mes d&#8217;Octubre, un cop a la setmana, els alumnes de 6\u00e8 A i B, hem estat anant a la biblioteca de Can Puiggener. All\u00e0 vam parlar sobre anuncis masclistes i sobre la igualtat. Vam veure uns anuncis masclistes, i vam parlar sobre ells.<\/p>\n<p>Al cap d&#8217;unes setmanes vam anar a fer anuncis on el masclisme no hi fos present. Semblava la gravaci\u00f3 d&#8217;un anunci per a la televisi\u00f3, amb c\u00e0mera i croma, tot molt professional.\u00a0\u00a0. Els anuncis que vam gravar van ser: calgon 2 en 1, fructis, cola cao gran, wipp express i corcho. Hav\u00edem d\u2019estar en silenci perqu\u00e8 vam fer servir un micr\u00f2fon especial que captava tota mena de sons, des del moviment d\u2019un paper fins a un pas de persona.<\/p>\n<p>Ens ho vam passar molt b\u00e9. Va ser una experi\u00e8ncia molt positiva. Hem apr\u00e8s coses sobre la igualtat i sobretot, a partir d\u2019ara, quan mirem anuncis a la televisi\u00f3 els mirarem amb uns altres ulls.<\/p>\n<p>Nois i noies de 6\u00e8<\/p>\n<p>&nbsp;<\/p>\n<p><a href=\"https:\/\/agora.xtec.cat\/esc-jmaragall-sabadell\/wp-content\/uploads\/usu1082\/2018\/11\/Captura-1.png\"><img loading=\"lazy\" decoding=\"async\" class=\"alignnone size-full wp-image-2753\" src=\"https:\/\/agora.xtec.cat\/esc-jmaragall-sabadell\/wp-content\/uploads\/usu1082\/2018\/11\/Captura-1.png\" alt=\"\" width=\"793\" height=\"696\" srcset=\"https:\/\/agora.xtec.cat\/esc-jmaragall-sabadell\/wp-content\/uploads\/usu1082\/2018\/11\/Captura-1.png 793w, https:\/\/agora.xtec.cat\/esc-jmaragall-sabadell\/wp-content\/uploads\/usu1082\/2018\/11\/Captura-1-300x263.png 300w, https:\/\/agora.xtec.cat\/esc-jmaragall-sabadell\/wp-content\/uploads\/usu1082\/2018\/11\/Captura-1-768x674.png 768w\" sizes=\"auto, (max-width: 793px) 100vw, 793px\" \/><\/a><a href=\"https:\/\/agora.xtec.cat\/esc-jmaragall-sabadell\/wp-content\/uploads\/usu1082\/2018\/11\/IMG_9241-1.jpg\"><img loading=\"lazy\" decoding=\"async\" class=\"alignnone size-large wp-image-2752\" src=\"https:\/\/agora.xtec.cat\/esc-jmaragall-sabadell\/wp-content\/uploads\/usu1082\/2018\/11\/IMG_9241-1-1024x768.jpg\" alt=\"\" width=\"1024\" height=\"768\" srcset=\"https:\/\/agora.xtec.cat\/esc-jmaragall-sabadell\/wp-content\/uploads\/usu1082\/2018\/11\/IMG_9241-1-1024x768.jpg 1024w, https:\/\/agora.xtec.cat\/esc-jmaragall-sabadell\/wp-content\/uploads\/usu1082\/2018\/11\/IMG_9241-1-300x225.jpg 300w, https:\/\/agora.xtec.cat\/esc-jmaragall-sabadell\/wp-content\/uploads\/usu1082\/2018\/11\/IMG_9241-1-768x576.jpg 768w, https:\/\/agora.xtec.cat\/esc-jmaragall-sabadell\/wp-content\/uploads\/usu1082\/2018\/11\/IMG_9241-1-200x150.jpg 200w\" sizes=\"auto, (max-width: 1024px) 100vw, 1024px\" \/><\/a><\/p>\n","protected":false},"excerpt":{"rendered":"<p>Durant el mes d&#8217;Octubre, un cop a la setmana, els alumnes de 6\u00e8 A i B, hem estat anant a la biblioteca de Can Puiggener. All\u00e0 vam parlar sobre anuncis masclistes i sobre la igualtat. Vam veure uns anuncis masclistes, i vam parlar sobre ells.<br \/>\nAl&hellip;  <a href=\"https:\/\/agora.xtec.cat\/esc-jmaragall-sabadell\/general\/fem-anuncis-a-la-biblioteca-del-barri-de-can-puiggener-6e\/\" title=\"Read Fem anuncis a la biblioteca del barri de Can Puiggener 6\u00e8\">Llegeix m\u00e9s\u00bb<\/a><\/p>\n","protected":false},"author":48,"featured_media":2753,"comment_status":"open","ping_status":"closed","sticky":false,"template":"","format":"standard","meta":{"_bbp_topic_count":0,"_bbp_reply_count":0,"_bbp_total_topic_count":0,"_bbp_total_reply_count":0,"_bbp_voice_count":0,"_bbp_anonymous_reply_count":0,"_bbp_topic_count_hidden":0,"_bbp_reply_count_hidden":0,"_bbp_forum_subforum_count":0,"footnotes":""},"categories":[1,4,5,13,59],"tags":[],"class_list":["post-2749","post","type-post","status-publish","format-standard","has-post-thumbnail","hentry","category-general","category-portada","category-primaria","category-2010-2019a","category-2010-2019b"],"post_mailing_queue_ids":[],"_links":{"self":[{"href":"https:\/\/agora.xtec.cat\/esc-jmaragall-sabadell\/wp-json\/wp\/v2\/posts\/2749","targetHints":{"allow":["GET"]}}],"collection":[{"href":"https:\/\/agora.xtec.cat\/esc-jmaragall-sabadell\/wp-json\/wp\/v2\/posts"}],"about":[{"href":"https:\/\/agora.xtec.cat\/esc-jmaragall-sabadell\/wp-json\/wp\/v2\/types\/post"}],"author":[{"embeddable":true,"href":"https:\/\/agora.xtec.cat\/esc-jmaragall-sabadell\/wp-json\/wp\/v2\/users\/48"}],"replies":[{"embeddable":true,"href":"https:\/\/agora.xtec.cat\/esc-jmaragall-sabadell\/wp-json\/wp\/v2\/comments?post=2749"}],"version-history":[{"count":1,"href":"https:\/\/agora.xtec.cat\/esc-jmaragall-sabadell\/wp-json\/wp\/v2\/posts\/2749\/revisions"}],"predecessor-version":[{"id":2754,"href":"https:\/\/agora.xtec.cat\/esc-jmaragall-sabadell\/wp-json\/wp\/v2\/posts\/2749\/revisions\/2754"}],"wp:featuredmedia":[{"embeddable":true,"href":"https:\/\/agora.xtec.cat\/esc-jmaragall-sabadell\/wp-json\/wp\/v2\/media\/2753"}],"wp:attachment":[{"href":"https:\/\/agora.xtec.cat\/esc-jmaragall-sabadell\/wp-json\/wp\/v2\/media?parent=2749"}],"wp:term":[{"taxonomy":"category","embeddable":true,"href":"https:\/\/agora.xtec.cat\/esc-jmaragall-sabadell\/wp-json\/wp\/v2\/categories?post=2749"},{"taxonomy":"post_tag","embeddable":true,"href":"https:\/\/agora.xtec.cat\/esc-jmaragall-sabadell\/wp-json\/wp\/v2\/tags?post=2749"}],"curies":[{"name":"wp","href":"https:\/\/api.w.org\/{rel}","templated":true}]}}