{"id":2717,"date":"2018-11-23T13:21:49","date_gmt":"2018-11-23T12:21:49","guid":{"rendered":"http:\/\/agora.xtec.cat\/esc-jmaragall-sabadell\/?p=2717"},"modified":"2018-11-23T13:22:52","modified_gmt":"2018-11-23T12:22:52","slug":"sortida-de-5e-b-a-la-biblioteca-del-barri","status":"publish","type":"post","link":"https:\/\/agora.xtec.cat\/esc-jmaragall-sabadell\/general\/sortida-de-5e-b-a-la-biblioteca-del-barri\/","title":{"rendered":"Sortida de 5\u00e8 B  a la biblioteca del barri"},"content":{"rendered":"<p style=\"text-align: left;\">El dimarts dia 23 d&#8217;octubre del 2018, l&#8217;alumnat de 5\u00e8 B vam anar a la bibloteca de Can Puiggener.<\/p>\n<p style=\"text-align: left;\"><span style=\"font-family: inherit; font-size: 1em;\">Ens van explicar les coses que podem fer a la bibloteca i les coses que no podem fer. Tamb\u00e9 vam veure les seccions que t\u00e9 una bibloteca i vam fer una activitat on hav\u00edem de classificar diferents llibres segons la secci\u00f3 on el trobem. Despr\u00e9s, en parelles, vam aprendre a buscar els\u00a0 llibres al cat\u00e0leg de la web; http:\/\/aladi.diba.cat\/search~S38*cat<\/span><\/p>\n<p style=\"text-align: left;\"><span style=\"font-family: inherit; font-size: 1em;\">Finalment ens van deixar agafar un llibre a cadasc\u00fa per llegir a l&#8217;escola durant un mes.<\/span><\/p>\n<p>&nbsp;<\/p>\n<p style=\"text-align: left;\"><span style=\"font-family: inherit; font-size: 1em;\">VICKY I YOUSSEF<\/span><\/p>\n<p style=\"text-align: left;\"><span style=\"font-family: inherit; font-size: 1em;\"><a href=\"https:\/\/agora.xtec.cat\/esc-jmaragall-sabadell\/wp-content\/uploads\/usu1082\/2018\/11\/IMG_20181024_112108852_HDR.jpg\"><img loading=\"lazy\" decoding=\"async\" class=\"alignnone size-large wp-image-2742\" src=\"https:\/\/agora.xtec.cat\/esc-jmaragall-sabadell\/wp-content\/uploads\/usu1082\/2018\/11\/IMG_20181024_112108852_HDR-1024x576.jpg\" alt=\"\" width=\"1024\" height=\"576\" srcset=\"https:\/\/agora.xtec.cat\/esc-jmaragall-sabadell\/wp-content\/uploads\/usu1082\/2018\/11\/IMG_20181024_112108852_HDR-1024x576.jpg 1024w, https:\/\/agora.xtec.cat\/esc-jmaragall-sabadell\/wp-content\/uploads\/usu1082\/2018\/11\/IMG_20181024_112108852_HDR-300x169.jpg 300w, https:\/\/agora.xtec.cat\/esc-jmaragall-sabadell\/wp-content\/uploads\/usu1082\/2018\/11\/IMG_20181024_112108852_HDR-768x432.jpg 768w\" sizes=\"auto, (max-width: 1024px) 100vw, 1024px\" \/><\/a><\/span><\/p>\n","protected":false},"excerpt":{"rendered":"<p>El dimarts dia 23 d&#8217;octubre del 2018, l&#8217;alumnat de 5\u00e8 B vam anar a la bibloteca de Can Puiggener.<br \/>\nEns van explicar les coses que podem fer a la bibloteca i les coses que no podem fer. Tamb\u00e9 vam veure les seccions que t\u00e9 una bibloteca&hellip;  <a href=\"https:\/\/agora.xtec.cat\/esc-jmaragall-sabadell\/general\/sortida-de-5e-b-a-la-biblioteca-del-barri\/\" title=\"Read Sortida de 5\u00e8 B  a la biblioteca del barri\">Llegeix m\u00e9s\u00bb<\/a><\/p>\n","protected":false},"author":55,"featured_media":2741,"comment_status":"open","ping_status":"closed","sticky":false,"template":"","format":"standard","meta":{"_bbp_topic_count":0,"_bbp_reply_count":0,"_bbp_total_topic_count":0,"_bbp_total_reply_count":0,"_bbp_voice_count":0,"_bbp_anonymous_reply_count":0,"_bbp_topic_count_hidden":0,"_bbp_reply_count_hidden":0,"_bbp_forum_subforum_count":0,"footnotes":""},"categories":[1,4,58],"tags":[],"class_list":["post-2717","post","type-post","status-publish","format-standard","has-post-thumbnail","hentry","category-general","category-portada","category-prom20112020b"],"post_mailing_queue_ids":[],"_links":{"self":[{"href":"https:\/\/agora.xtec.cat\/esc-jmaragall-sabadell\/wp-json\/wp\/v2\/posts\/2717","targetHints":{"allow":["GET"]}}],"collection":[{"href":"https:\/\/agora.xtec.cat\/esc-jmaragall-sabadell\/wp-json\/wp\/v2\/posts"}],"about":[{"href":"https:\/\/agora.xtec.cat\/esc-jmaragall-sabadell\/wp-json\/wp\/v2\/types\/post"}],"author":[{"embeddable":true,"href":"https:\/\/agora.xtec.cat\/esc-jmaragall-sabadell\/wp-json\/wp\/v2\/users\/55"}],"replies":[{"embeddable":true,"href":"https:\/\/agora.xtec.cat\/esc-jmaragall-sabadell\/wp-json\/wp\/v2\/comments?post=2717"}],"version-history":[{"count":3,"href":"https:\/\/agora.xtec.cat\/esc-jmaragall-sabadell\/wp-json\/wp\/v2\/posts\/2717\/revisions"}],"predecessor-version":[{"id":2745,"href":"https:\/\/agora.xtec.cat\/esc-jmaragall-sabadell\/wp-json\/wp\/v2\/posts\/2717\/revisions\/2745"}],"wp:featuredmedia":[{"embeddable":true,"href":"https:\/\/agora.xtec.cat\/esc-jmaragall-sabadell\/wp-json\/wp\/v2\/media\/2741"}],"wp:attachment":[{"href":"https:\/\/agora.xtec.cat\/esc-jmaragall-sabadell\/wp-json\/wp\/v2\/media?parent=2717"}],"wp:term":[{"taxonomy":"category","embeddable":true,"href":"https:\/\/agora.xtec.cat\/esc-jmaragall-sabadell\/wp-json\/wp\/v2\/categories?post=2717"},{"taxonomy":"post_tag","embeddable":true,"href":"https:\/\/agora.xtec.cat\/esc-jmaragall-sabadell\/wp-json\/wp\/v2\/tags?post=2717"}],"curies":[{"name":"wp","href":"https:\/\/api.w.org\/{rel}","templated":true}]}}