{"id":2625,"date":"2018-11-03T10:44:55","date_gmt":"2018-11-03T09:44:55","guid":{"rendered":"http:\/\/agora.xtec.cat\/esc-jmaragall-sabadell\/?p=2625"},"modified":"2018-11-03T12:24:15","modified_gmt":"2018-11-03T11:24:15","slug":"fem-panellets-i-celebrem-la-castanyada","status":"publish","type":"post","link":"https:\/\/agora.xtec.cat\/esc-jmaragall-sabadell\/general\/fem-panellets-i-celebrem-la-castanyada\/","title":{"rendered":"FEM PANELLETS I CELEBREM LA CASTANYADA!"},"content":{"rendered":"<p style=\"text-align: left;\">Els alumnes d&#8217;Educaci\u00f3 Infantil es van posar mans a la massa per fer els panellets que es van menjar a la festa de la castanyada despr\u00e9s de fer les danses. Van passar un mat\u00ed ben entretinguts, on m\u00e9s d&#8217;un va tenir la temptaci\u00f3 de llepar-se els dits per provar la massa. A m\u00e9s, van compartir una estona molt dol\u00e7a amb les fam\u00edlies.\u00a0\u00a0Aqu\u00ed us deixem la recepta per si alguna fam\u00edlia es vol animar a fer-la a casa:<\/p>\n<p style=\"text-align: center;\"><b>Ingredients<\/b>:<\/p>\n<p style=\"text-align: left;\">Dues patates bullides 1\/2 Kg de sucre\u00a01 Kg de farina d&#8217;ametlla. I tot el que es vulgui per arrebossar: coco, xocolata, pinyons, cirera&#8230;<\/p>\n<p style=\"text-align: center;\"><b>Preparaci\u00f3:<\/b><\/p>\n<p style=\"text-align: left;\">Fem una pasta lligant la patata, el sucre i la farina d&#8217;ametlla.\u00a0Amb aquesta pasta fem boletes, que es poden arrebossar amb el coco, amb xocolata, amb cirera o amb pinyons. Fam\u00edlies!\u00a0Sobretot no oblideu dir la f\u00f3rmula m\u00e0gica: <strong>TICO &#8211; TICO &#8211; TICO &#8211; TET, ja tenim un panellet!<\/strong> Posem les boletes uns 20 minuts al forn i\u00a0BONA CASTANYADA!!!!!<\/p>\n<p>https:\/\/youtu.be\/uM6rIAUfBJk<\/p>\n","protected":false},"excerpt":{"rendered":"<p>Els alumnes d&#8217;Educaci\u00f3 Infantil es van posar mans a la massa per fer els panellets que es van menjar a la festa de la castanyada despr\u00e9s de fer les danses. Van passar un mat\u00ed ben entretinguts, on m\u00e9s d&#8217;un va tenir la temptaci\u00f3 de llepar-se&hellip;  <a href=\"https:\/\/agora.xtec.cat\/esc-jmaragall-sabadell\/general\/fem-panellets-i-celebrem-la-castanyada\/\" title=\"Read FEM PANELLETS I CELEBREM LA CASTANYADA!\">Llegeix m\u00e9s\u00bb<\/a><\/p>\n","protected":false},"author":37,"featured_media":2640,"comment_status":"open","ping_status":"closed","sticky":false,"template":"","format":"standard","meta":{"_bbp_topic_count":0,"_bbp_reply_count":0,"_bbp_total_topic_count":0,"_bbp_total_reply_count":0,"_bbp_voice_count":0,"_bbp_anonymous_reply_count":0,"_bbp_topic_count_hidden":0,"_bbp_reply_count_hidden":0,"_bbp_forum_subforum_count":0,"footnotes":""},"categories":[1,4],"tags":[],"class_list":["post-2625","post","type-post","status-publish","format-standard","has-post-thumbnail","hentry","category-general","category-portada"],"post_mailing_queue_ids":[],"_links":{"self":[{"href":"https:\/\/agora.xtec.cat\/esc-jmaragall-sabadell\/wp-json\/wp\/v2\/posts\/2625","targetHints":{"allow":["GET"]}}],"collection":[{"href":"https:\/\/agora.xtec.cat\/esc-jmaragall-sabadell\/wp-json\/wp\/v2\/posts"}],"about":[{"href":"https:\/\/agora.xtec.cat\/esc-jmaragall-sabadell\/wp-json\/wp\/v2\/types\/post"}],"author":[{"embeddable":true,"href":"https:\/\/agora.xtec.cat\/esc-jmaragall-sabadell\/wp-json\/wp\/v2\/users\/37"}],"replies":[{"embeddable":true,"href":"https:\/\/agora.xtec.cat\/esc-jmaragall-sabadell\/wp-json\/wp\/v2\/comments?post=2625"}],"version-history":[{"count":3,"href":"https:\/\/agora.xtec.cat\/esc-jmaragall-sabadell\/wp-json\/wp\/v2\/posts\/2625\/revisions"}],"predecessor-version":[{"id":2660,"href":"https:\/\/agora.xtec.cat\/esc-jmaragall-sabadell\/wp-json\/wp\/v2\/posts\/2625\/revisions\/2660"}],"wp:featuredmedia":[{"embeddable":true,"href":"https:\/\/agora.xtec.cat\/esc-jmaragall-sabadell\/wp-json\/wp\/v2\/media\/2640"}],"wp:attachment":[{"href":"https:\/\/agora.xtec.cat\/esc-jmaragall-sabadell\/wp-json\/wp\/v2\/media?parent=2625"}],"wp:term":[{"taxonomy":"category","embeddable":true,"href":"https:\/\/agora.xtec.cat\/esc-jmaragall-sabadell\/wp-json\/wp\/v2\/categories?post=2625"},{"taxonomy":"post_tag","embeddable":true,"href":"https:\/\/agora.xtec.cat\/esc-jmaragall-sabadell\/wp-json\/wp\/v2\/tags?post=2625"}],"curies":[{"name":"wp","href":"https:\/\/api.w.org\/{rel}","templated":true}]}}