{"id":2621,"date":"2018-10-26T13:13:57","date_gmt":"2018-10-26T11:13:57","guid":{"rendered":"http:\/\/agora.xtec.cat\/esc-jmaragall-sabadell\/?p=2621"},"modified":"2018-10-26T13:21:17","modified_gmt":"2018-10-26T11:21:17","slug":"dansa-amb-instruments-de-percussio","status":"publish","type":"post","link":"https:\/\/agora.xtec.cat\/esc-jmaragall-sabadell\/general\/dansa-amb-instruments-de-percussio\/","title":{"rendered":"Dansa amb instruments de percussi\u00f3"},"content":{"rendered":"<p>Els alumnes d&#8217;Educaci\u00f3 Infantil han inciat les classes de dansa. En les primeres sessions han ballat amb instruments de percussi\u00f3. Cliqueu i mireu el v\u00eddeo i veureu que b\u00e9 s&#8217;ho han passat!<\/p>\n<p>https:\/\/youtu.be\/dXENSAeuSOY<\/p>\n<p>&nbsp;<\/p>\n<p>https:\/\/youtu.be\/bBanoYRprzI<\/p>\n<p>https:\/\/youtu.be\/fEWRjPizJVc<\/p>\n","protected":false},"excerpt":{"rendered":"<p>Els alumnes d&#8217;Educaci\u00f3 Infantil han inciat les classes de dansa. En les primeres sessions han ballat amb instruments de percussi\u00f3. Cliqueu i mireu el v\u00eddeo i veureu que b\u00e9 s&#8217;ho han passat!<br \/>\nhttps:\/\/youtu.be\/dXENSAeuSOY<br \/>\n&nbsp;<br \/>\nhttps:\/\/youtu.be\/bBanoYRprzI<br \/>\nhttps:\/\/youtu.be\/fEWRjPizJVc<\/p>\n","protected":false},"author":37,"featured_media":0,"comment_status":"open","ping_status":"closed","sticky":false,"template":"","format":"standard","meta":{"_bbp_topic_count":0,"_bbp_reply_count":0,"_bbp_total_topic_count":0,"_bbp_total_reply_count":0,"_bbp_voice_count":0,"_bbp_anonymous_reply_count":0,"_bbp_topic_count_hidden":0,"_bbp_reply_count_hidden":0,"_bbp_forum_subforum_count":0,"footnotes":""},"categories":[1,4],"tags":[],"class_list":["post-2621","post","type-post","status-publish","format-standard","hentry","category-general","category-portada"],"post_mailing_queue_ids":[],"_links":{"self":[{"href":"https:\/\/agora.xtec.cat\/esc-jmaragall-sabadell\/wp-json\/wp\/v2\/posts\/2621","targetHints":{"allow":["GET"]}}],"collection":[{"href":"https:\/\/agora.xtec.cat\/esc-jmaragall-sabadell\/wp-json\/wp\/v2\/posts"}],"about":[{"href":"https:\/\/agora.xtec.cat\/esc-jmaragall-sabadell\/wp-json\/wp\/v2\/types\/post"}],"author":[{"embeddable":true,"href":"https:\/\/agora.xtec.cat\/esc-jmaragall-sabadell\/wp-json\/wp\/v2\/users\/37"}],"replies":[{"embeddable":true,"href":"https:\/\/agora.xtec.cat\/esc-jmaragall-sabadell\/wp-json\/wp\/v2\/comments?post=2621"}],"version-history":[{"count":2,"href":"https:\/\/agora.xtec.cat\/esc-jmaragall-sabadell\/wp-json\/wp\/v2\/posts\/2621\/revisions"}],"predecessor-version":[{"id":2623,"href":"https:\/\/agora.xtec.cat\/esc-jmaragall-sabadell\/wp-json\/wp\/v2\/posts\/2621\/revisions\/2623"}],"wp:attachment":[{"href":"https:\/\/agora.xtec.cat\/esc-jmaragall-sabadell\/wp-json\/wp\/v2\/media?parent=2621"}],"wp:term":[{"taxonomy":"category","embeddable":true,"href":"https:\/\/agora.xtec.cat\/esc-jmaragall-sabadell\/wp-json\/wp\/v2\/categories?post=2621"},{"taxonomy":"post_tag","embeddable":true,"href":"https:\/\/agora.xtec.cat\/esc-jmaragall-sabadell\/wp-json\/wp\/v2\/tags?post=2621"}],"curies":[{"name":"wp","href":"https:\/\/api.w.org\/{rel}","templated":true}]}}