{"id":2493,"date":"2018-10-09T20:16:31","date_gmt":"2018-10-09T18:16:31","guid":{"rendered":"http:\/\/agora.xtec.cat\/esc-jmaragall-sabadell\/?p=2493"},"modified":"2018-10-10T16:08:52","modified_gmt":"2018-10-10T14:08:52","slug":"cm-picasso-taller-de-color","status":"publish","type":"post","link":"https:\/\/agora.xtec.cat\/esc-jmaragall-sabadell\/general\/cm-picasso-taller-de-color\/","title":{"rendered":"VIDEO CM Picasso: Taller de color"},"content":{"rendered":"<p>Avui els nens i nenes de cicle\u00a0mitj\u00e0\u00a0hem comen\u00e7at els tallers d&#8217;art que giren al voltant de la vida i obra de Picasso.<\/p>\n<p>En el taller de color hem treballat la t\u00e8cnica de\u00a0l&#8217;estampaci\u00f3\u00a0i el cromatisme blau. Hem descobert que el blau \u00e9s un color fred. Picasso el va fer servir durant una \u00e8poca molt trista en la que es va morir un amic seu. Aquesta \u00e9s coneguda com l&#8217;\u00c8poca blava.<\/p>\n<p>Abans de comen\u00e7ar amb la pintura hem pensat com seria la nostra firma art\u00edstica i ens hem fet un massatge a les mans amb crema! \u00c9s molt important cuidar les mans: s\u00f3n\u00a0l&#8217;eina\u00a0de treball dels artistes. I nosaltres som molt artistes: mireu, mireu!!!!!!<\/p>\n<div style=\"width: 640px;\" class=\"wp-video\"><!--[if lt IE 9]><script>document.createElement('video');<\/script><![endif]-->\n<video class=\"wp-video-shortcode\" id=\"video-2493-1\" width=\"640\" height=\"480\" preload=\"metadata\" controls=\"controls\"><source type=\"video\/mp4\" src=\"https:\/\/agora.xtec.cat\/esc-jmaragall-sabadell\/wp-content\/uploads\/usu1082\/2018\/10\/20181009172925-1.mp4?_=1\" \/><a href=\"https:\/\/agora.xtec.cat\/esc-jmaragall-sabadell\/wp-content\/uploads\/usu1082\/2018\/10\/20181009172925-1.mp4\">https:\/\/agora.xtec.cat\/esc-jmaragall-sabadell\/wp-content\/uploads\/usu1082\/2018\/10\/20181009172925-1.mp4<\/a><\/video><\/div>\n","protected":false},"excerpt":{"rendered":"<p>Avui els nens i nenes de cicle\u00a0mitj\u00e0\u00a0hem comen\u00e7at els tallers d&#8217;art que giren al voltant de la vida i obra de Picasso.<br \/>\nEn el taller de color hem treballat la t\u00e8cnica de\u00a0l&#8217;estampaci\u00f3\u00a0i el cromatisme blau. Hem descobert que el blau \u00e9s un color fred. Picasso el&hellip;  <a href=\"https:\/\/agora.xtec.cat\/esc-jmaragall-sabadell\/general\/cm-picasso-taller-de-color\/\" title=\"Read VIDEO CM Picasso: Taller de color\">Llegeix m\u00e9s\u00bb<\/a><\/p>\n","protected":false},"author":1,"featured_media":0,"comment_status":"open","ping_status":"closed","sticky":false,"template":"","format":"standard","meta":{"_bbp_topic_count":0,"_bbp_reply_count":0,"_bbp_total_topic_count":0,"_bbp_total_reply_count":0,"_bbp_voice_count":0,"_bbp_anonymous_reply_count":0,"_bbp_topic_count_hidden":0,"_bbp_reply_count_hidden":0,"_bbp_forum_subforum_count":0,"footnotes":""},"categories":[1,4,11,57,10,56],"tags":[90,86,103,104,17,71,94],"class_list":["post-2493","post","type-post","status-publish","format-standard","hentry","category-general","category-portada","category-1221a","category-1221b","category-1322a","category-1322b","tag-3ra","tag-3rb","tag-4ta","tag-4tb","tag-plastica","tag-primaria","tag-taller"],"post_mailing_queue_ids":[],"_links":{"self":[{"href":"https:\/\/agora.xtec.cat\/esc-jmaragall-sabadell\/wp-json\/wp\/v2\/posts\/2493","targetHints":{"allow":["GET"]}}],"collection":[{"href":"https:\/\/agora.xtec.cat\/esc-jmaragall-sabadell\/wp-json\/wp\/v2\/posts"}],"about":[{"href":"https:\/\/agora.xtec.cat\/esc-jmaragall-sabadell\/wp-json\/wp\/v2\/types\/post"}],"author":[{"embeddable":true,"href":"https:\/\/agora.xtec.cat\/esc-jmaragall-sabadell\/wp-json\/wp\/v2\/users\/1"}],"replies":[{"embeddable":true,"href":"https:\/\/agora.xtec.cat\/esc-jmaragall-sabadell\/wp-json\/wp\/v2\/comments?post=2493"}],"version-history":[{"count":3,"href":"https:\/\/agora.xtec.cat\/esc-jmaragall-sabadell\/wp-json\/wp\/v2\/posts\/2493\/revisions"}],"predecessor-version":[{"id":2523,"href":"https:\/\/agora.xtec.cat\/esc-jmaragall-sabadell\/wp-json\/wp\/v2\/posts\/2493\/revisions\/2523"}],"wp:attachment":[{"href":"https:\/\/agora.xtec.cat\/esc-jmaragall-sabadell\/wp-json\/wp\/v2\/media?parent=2493"}],"wp:term":[{"taxonomy":"category","embeddable":true,"href":"https:\/\/agora.xtec.cat\/esc-jmaragall-sabadell\/wp-json\/wp\/v2\/categories?post=2493"},{"taxonomy":"post_tag","embeddable":true,"href":"https:\/\/agora.xtec.cat\/esc-jmaragall-sabadell\/wp-json\/wp\/v2\/tags?post=2493"}],"curies":[{"name":"wp","href":"https:\/\/api.w.org\/{rel}","templated":true}]}}