{"id":2442,"date":"2018-07-09T17:47:08","date_gmt":"2018-07-09T15:47:08","guid":{"rendered":"http:\/\/agora.xtec.cat\/esc-jmaragall-sabadell\/?p=2442"},"modified":"2018-07-09T17:47:08","modified_gmt":"2018-07-09T15:47:08","slug":"la-rotllana-de-piques","status":"publish","type":"post","link":"https:\/\/agora.xtec.cat\/esc-jmaragall-sabadell\/portada\/la-rotllana-de-piques\/","title":{"rendered":"La rotllana de piques!"},"content":{"rendered":"<p>&nbsp;<\/p>\n<h2>Fent Educaci\u00f3 F\u00edsica a 5\u00e8&#8230;<\/h2>\n<pre>ATENCI\u00d3!... <strong>LA ROTLLANA DE PIQUES!\u00a0<\/strong> \r\n\r\n<\/pre>\n<pre style=\"text-align: right;\"><em>coordinaci\u00f3<\/em>- LATERALITAT-cooperaci\u00f3- VELOCITAT de reacci\u00f3...\r\n\r\n<\/pre>\n<div style=\"width: 1280px;\" class=\"wp-video\"><!--[if lt IE 9]><script>document.createElement('video');<\/script><![endif]-->\n<video class=\"wp-video-shortcode\" id=\"video-2442-1\" width=\"1280\" height=\"720\" preload=\"metadata\" controls=\"controls\"><source type=\"video\/mp4\" src=\"http:\/\/agora.xtec.cat\/esc-jmaragall-sabadell\/wp-content\/uploads\/usu1082\/2018\/07\/MOVIE.mp4?_=1\" \/><a href=\"http:\/\/agora.xtec.cat\/esc-jmaragall-sabadell\/wp-content\/uploads\/usu1082\/2018\/07\/MOVIE.mp4\">http:\/\/agora.xtec.cat\/esc-jmaragall-sabadell\/wp-content\/uploads\/usu1082\/2018\/07\/MOVIE.mp4<\/a><\/video><\/div>\n<p style=\"text-align: right;\">\n<p>&nbsp;<\/p>\n","protected":false},"excerpt":{"rendered":"<p>&nbsp;<br \/>\nFent Educaci\u00f3 F\u00edsica a 5\u00e8&#8230;<br \/>\nATENCI\u00d3!&#8230; LA ROTLLANA DE PIQUES!\u00a0 <\/p>\n<p>coordinaci\u00f3- LATERALITAT-cooperaci\u00f3- VELOCITAT de reacci\u00f3&#8230;<\/p>\n<p><a href=\"http:\/\/agora.xtec.cat\/esc-jmaragall-sabadell\/wp-content\/uploads\/usu1082\/2018\/07\/MOVIE.mp4\">http:\/\/agora.xtec.cat\/esc-jmaragall-sabadell\/wp-content\/uploads\/usu1082\/2018\/07\/MOVIE.mp4<\/a><\/p>\n<p>&nbsp;<\/p>\n","protected":false},"author":1,"featured_media":2445,"comment_status":"open","ping_status":"closed","sticky":false,"template":"","format":"standard","meta":{"_bbp_topic_count":0,"_bbp_reply_count":0,"_bbp_total_topic_count":0,"_bbp_total_reply_count":0,"_bbp_voice_count":0,"_bbp_anonymous_reply_count":0,"_bbp_topic_count_hidden":0,"_bbp_reply_count_hidden":0,"_bbp_forum_subforum_count":0,"footnotes":""},"categories":[92,4],"tags":[91,185,186],"class_list":["post-2442","post","type-post","status-publish","format-standard","has-post-thumbnail","hentry","category-educacio-fisica","category-portada","tag-educacio-fisica","tag-jocs-cooperatius","tag-lateralitat"],"post_mailing_queue_ids":[],"_links":{"self":[{"href":"https:\/\/agora.xtec.cat\/esc-jmaragall-sabadell\/wp-json\/wp\/v2\/posts\/2442","targetHints":{"allow":["GET"]}}],"collection":[{"href":"https:\/\/agora.xtec.cat\/esc-jmaragall-sabadell\/wp-json\/wp\/v2\/posts"}],"about":[{"href":"https:\/\/agora.xtec.cat\/esc-jmaragall-sabadell\/wp-json\/wp\/v2\/types\/post"}],"author":[{"embeddable":true,"href":"https:\/\/agora.xtec.cat\/esc-jmaragall-sabadell\/wp-json\/wp\/v2\/users\/1"}],"replies":[{"embeddable":true,"href":"https:\/\/agora.xtec.cat\/esc-jmaragall-sabadell\/wp-json\/wp\/v2\/comments?post=2442"}],"version-history":[{"count":1,"href":"https:\/\/agora.xtec.cat\/esc-jmaragall-sabadell\/wp-json\/wp\/v2\/posts\/2442\/revisions"}],"predecessor-version":[{"id":2444,"href":"https:\/\/agora.xtec.cat\/esc-jmaragall-sabadell\/wp-json\/wp\/v2\/posts\/2442\/revisions\/2444"}],"wp:featuredmedia":[{"embeddable":true,"href":"https:\/\/agora.xtec.cat\/esc-jmaragall-sabadell\/wp-json\/wp\/v2\/media\/2445"}],"wp:attachment":[{"href":"https:\/\/agora.xtec.cat\/esc-jmaragall-sabadell\/wp-json\/wp\/v2\/media?parent=2442"}],"wp:term":[{"taxonomy":"category","embeddable":true,"href":"https:\/\/agora.xtec.cat\/esc-jmaragall-sabadell\/wp-json\/wp\/v2\/categories?post=2442"},{"taxonomy":"post_tag","embeddable":true,"href":"https:\/\/agora.xtec.cat\/esc-jmaragall-sabadell\/wp-json\/wp\/v2\/tags?post=2442"}],"curies":[{"name":"wp","href":"https:\/\/api.w.org\/{rel}","templated":true}]}}