{"id":2422,"date":"2018-06-24T23:43:41","date_gmt":"2018-06-24T21:43:41","guid":{"rendered":"http:\/\/agora.xtec.cat\/esc-jmaragall-sabadell\/?p=2422"},"modified":"2018-06-24T23:44:57","modified_gmt":"2018-06-24T21:44:57","slug":"comiat-de-6e","status":"publish","type":"post","link":"https:\/\/agora.xtec.cat\/esc-jmaragall-sabadell\/infantil\/comiat-de-6e\/","title":{"rendered":"Comiat de 6\u00e8"},"content":{"rendered":"<p style=\"text-align: left;\">Divendres passat vam acomiadar als nostres companys de 6\u00e8 amb una festa ben especial per a ells. A continuaci\u00f3 podreu veure alguns dels v\u00eddeos que es van projectar durant el mat\u00ed.<\/p>\n<p style=\"text-align: center;\"><iframe loading=\"lazy\" src=\"https:\/\/drive.google.com\/file\/d\/1_xIa4Z17gdDtN1JO8cUe1XVVkZbL5_X3\/preview\" width=\"640\" height=\"480\"><\/iframe><\/p>\n<p style=\"text-align: left;\">Els companys de l&#8217;escola els van preparar uns regalets:<\/p>\n<p style=\"text-align: center;\"><iframe loading=\"lazy\" src=\"https:\/\/drive.google.com\/file\/d\/1IKccJ2j15w61J_sQAtXVoS-BkrdJzqVZ\/preview\" width=\"640\" height=\"480\"><\/iframe><\/p>\n<p style=\"text-align: left;\">Els alumnes de 6\u00e8 es van acomiadar cantant la can\u00e7\u00f3 Al final tot anir\u00e0 b\u00e9 de Doctor Prats, aqu\u00ed podeu veure una part de la mateixa:<\/p>\n<p style=\"text-align: center;\"><iframe loading=\"lazy\" src=\"https:\/\/drive.google.com\/file\/d\/10A8Tq7-d8Y4ETmB8AnUc99wbt4SffnwY\/preview\" width=\"640\" height=\"480\"><\/iframe><\/p>\n<p style=\"text-align: left;\">Us trobarem a faltar!<\/p>\n<p style=\"text-align: left;\"><a href=\"http:\/\/agora.xtec.cat\/esc-jmaragall-sabadell\/wp-content\/uploads\/usu1082\/2018\/06\/Mothers-Day-Special-2019.png\"><img loading=\"lazy\" decoding=\"async\" class=\"alignnone size-large wp-image-2423\" src=\"http:\/\/agora.xtec.cat\/esc-jmaragall-sabadell\/wp-content\/uploads\/usu1082\/2018\/06\/Mothers-Day-Special-2019-1024x724.png\" alt=\"\" width=\"1024\" height=\"724\" srcset=\"https:\/\/agora.xtec.cat\/esc-jmaragall-sabadell\/wp-content\/uploads\/usu1082\/2018\/06\/Mothers-Day-Special-2019-1024x724.png 1024w, https:\/\/agora.xtec.cat\/esc-jmaragall-sabadell\/wp-content\/uploads\/usu1082\/2018\/06\/Mothers-Day-Special-2019-300x212.png 300w, https:\/\/agora.xtec.cat\/esc-jmaragall-sabadell\/wp-content\/uploads\/usu1082\/2018\/06\/Mothers-Day-Special-2019-768x543.png 768w, https:\/\/agora.xtec.cat\/esc-jmaragall-sabadell\/wp-content\/uploads\/usu1082\/2018\/06\/Mothers-Day-Special-2019.png 1123w\" sizes=\"auto, (max-width: 1024px) 100vw, 1024px\" \/><\/a><\/p>\n","protected":false},"excerpt":{"rendered":"<p>Divendres passat vam acomiadar als nostres companys de 6\u00e8 amb una festa ben especial per a ells. A continuaci\u00f3 podreu veure alguns dels v\u00eddeos que es van projectar durant el mat\u00ed.<\/p>\n<p>Els companys de l&#8217;escola els van preparar uns regalets:<\/p>\n<p>Els alumnes de 6\u00e8 es van acomiadar&hellip;  <a href=\"https:\/\/agora.xtec.cat\/esc-jmaragall-sabadell\/infantil\/comiat-de-6e\/\" title=\"Read Comiat de 6\u00e8\">Llegeix m\u00e9s\u00bb<\/a><\/p>\n","protected":false},"author":11,"featured_media":2423,"comment_status":"open","ping_status":"closed","sticky":false,"template":"","format":"standard","meta":{"_bbp_topic_count":0,"_bbp_reply_count":0,"_bbp_total_topic_count":0,"_bbp_total_reply_count":0,"_bbp_voice_count":0,"_bbp_anonymous_reply_count":0,"_bbp_topic_count_hidden":0,"_bbp_reply_count_hidden":0,"_bbp_forum_subforum_count":0,"footnotes":""},"categories":[14,2,4,5],"tags":[82,183,184],"class_list":["post-2422","post","type-post","status-publish","format-standard","has-post-thumbnail","hentry","category-exalumnes","category-infantil","category-portada","category-primaria","tag-6e","tag-comiat","tag-promocio-2009-2018"],"post_mailing_queue_ids":[],"_links":{"self":[{"href":"https:\/\/agora.xtec.cat\/esc-jmaragall-sabadell\/wp-json\/wp\/v2\/posts\/2422","targetHints":{"allow":["GET"]}}],"collection":[{"href":"https:\/\/agora.xtec.cat\/esc-jmaragall-sabadell\/wp-json\/wp\/v2\/posts"}],"about":[{"href":"https:\/\/agora.xtec.cat\/esc-jmaragall-sabadell\/wp-json\/wp\/v2\/types\/post"}],"author":[{"embeddable":true,"href":"https:\/\/agora.xtec.cat\/esc-jmaragall-sabadell\/wp-json\/wp\/v2\/users\/11"}],"replies":[{"embeddable":true,"href":"https:\/\/agora.xtec.cat\/esc-jmaragall-sabadell\/wp-json\/wp\/v2\/comments?post=2422"}],"version-history":[{"count":3,"href":"https:\/\/agora.xtec.cat\/esc-jmaragall-sabadell\/wp-json\/wp\/v2\/posts\/2422\/revisions"}],"predecessor-version":[{"id":2426,"href":"https:\/\/agora.xtec.cat\/esc-jmaragall-sabadell\/wp-json\/wp\/v2\/posts\/2422\/revisions\/2426"}],"wp:featuredmedia":[{"embeddable":true,"href":"https:\/\/agora.xtec.cat\/esc-jmaragall-sabadell\/wp-json\/wp\/v2\/media\/2423"}],"wp:attachment":[{"href":"https:\/\/agora.xtec.cat\/esc-jmaragall-sabadell\/wp-json\/wp\/v2\/media?parent=2422"}],"wp:term":[{"taxonomy":"category","embeddable":true,"href":"https:\/\/agora.xtec.cat\/esc-jmaragall-sabadell\/wp-json\/wp\/v2\/categories?post=2422"},{"taxonomy":"post_tag","embeddable":true,"href":"https:\/\/agora.xtec.cat\/esc-jmaragall-sabadell\/wp-json\/wp\/v2\/tags?post=2422"}],"curies":[{"name":"wp","href":"https:\/\/api.w.org\/{rel}","templated":true}]}}