{"id":2327,"date":"2018-05-11T09:15:07","date_gmt":"2018-05-11T07:15:07","guid":{"rendered":"http:\/\/agora.xtec.cat\/esc-jmaragall-sabadell\/?p=2327"},"modified":"2018-05-11T09:15:07","modified_gmt":"2018-05-11T07:15:07","slug":"cantem-africa-2018","status":"publish","type":"post","link":"https:\/\/agora.xtec.cat\/esc-jmaragall-sabadell\/portada\/cantem-africa-2018\/","title":{"rendered":"Cantem \u00c0frica 2018"},"content":{"rendered":"<p>Estem molt contents de comunicar-vos que de nou &#8220;La Coraleta&#8221; de l&#8217;escola participar\u00e0 en l&#8217;actuaci\u00f3 del Cantem \u00c0frica el 25 de maig a la Pla\u00e7a Sant Roc.<\/p>\n<p>Us convidem a acompanyar-nos i gaudir d&#8217;aquest dia tan especial amb nosaltres!<\/p>\n<p><a href=\"http:\/\/agora.xtec.cat\/esc-jmaragall-sabadell\/wp-content\/uploads\/usu1082\/2018\/05\/WhatsApp-Image-2018-05-10-at-14.01.39.jpeg\"><img loading=\"lazy\" decoding=\"async\" class=\"alignnone size-large wp-image-2328\" src=\"http:\/\/agora.xtec.cat\/esc-jmaragall-sabadell\/wp-content\/uploads\/usu1082\/2018\/05\/WhatsApp-Image-2018-05-10-at-14.01.39-731x1024.jpeg\" alt=\"\" width=\"731\" height=\"1024\" srcset=\"https:\/\/agora.xtec.cat\/esc-jmaragall-sabadell\/wp-content\/uploads\/usu1082\/2018\/05\/WhatsApp-Image-2018-05-10-at-14.01.39-731x1024.jpeg 731w, https:\/\/agora.xtec.cat\/esc-jmaragall-sabadell\/wp-content\/uploads\/usu1082\/2018\/05\/WhatsApp-Image-2018-05-10-at-14.01.39-214x300.jpeg 214w, https:\/\/agora.xtec.cat\/esc-jmaragall-sabadell\/wp-content\/uploads\/usu1082\/2018\/05\/WhatsApp-Image-2018-05-10-at-14.01.39-768x1076.jpeg 768w, https:\/\/agora.xtec.cat\/esc-jmaragall-sabadell\/wp-content\/uploads\/usu1082\/2018\/05\/WhatsApp-Image-2018-05-10-at-14.01.39.jpeg 1142w\" sizes=\"auto, (max-width: 731px) 100vw, 731px\" \/><\/a><\/p>\n","protected":false},"excerpt":{"rendered":"<p>Estem molt contents de comunicar-vos que de nou &#8220;La Coraleta&#8221; de l&#8217;escola participar\u00e0 en l&#8217;actuaci\u00f3 del Cantem \u00c0frica el 25 de maig a la Pla\u00e7a Sant Roc.<br \/>\nUs convidem a acompanyar-nos i gaudir d&#8217;aquest dia tan especial amb nosaltres!<br \/>\n<a href=\"http:\/\/agora.xtec.cat\/esc-jmaragall-sabadell\/wp-content\/uploads\/usu1082\/2018\/05\/WhatsApp-Image-2018-05-10-at-14.01.39.jpeg\"><\/a><\/p>\n","protected":false},"author":11,"featured_media":2328,"comment_status":"open","ping_status":"closed","sticky":false,"template":"","format":"standard","meta":{"_bbp_topic_count":0,"_bbp_reply_count":0,"_bbp_total_topic_count":0,"_bbp_total_reply_count":0,"_bbp_voice_count":0,"_bbp_anonymous_reply_count":0,"_bbp_topic_count_hidden":0,"_bbp_reply_count_hidden":0,"_bbp_forum_subforum_count":0,"footnotes":""},"categories":[60,61,4],"tags":[89,102,86,103,104,81,82,66,67,65,71,16],"class_list":["post-2327","post","type-post","status-publish","format-standard","has-post-thumbnail","hentry","category-coraleta","category-musica","category-portada","tag-1r","tag-2n","tag-3rb","tag-4ta","tag-4tb","tag-5e","tag-6e","tag-cantem-africa","tag-coraleta","tag-musica","tag-primaria","tag-sortides"],"post_mailing_queue_ids":[],"_links":{"self":[{"href":"https:\/\/agora.xtec.cat\/esc-jmaragall-sabadell\/wp-json\/wp\/v2\/posts\/2327","targetHints":{"allow":["GET"]}}],"collection":[{"href":"https:\/\/agora.xtec.cat\/esc-jmaragall-sabadell\/wp-json\/wp\/v2\/posts"}],"about":[{"href":"https:\/\/agora.xtec.cat\/esc-jmaragall-sabadell\/wp-json\/wp\/v2\/types\/post"}],"author":[{"embeddable":true,"href":"https:\/\/agora.xtec.cat\/esc-jmaragall-sabadell\/wp-json\/wp\/v2\/users\/11"}],"replies":[{"embeddable":true,"href":"https:\/\/agora.xtec.cat\/esc-jmaragall-sabadell\/wp-json\/wp\/v2\/comments?post=2327"}],"version-history":[{"count":1,"href":"https:\/\/agora.xtec.cat\/esc-jmaragall-sabadell\/wp-json\/wp\/v2\/posts\/2327\/revisions"}],"predecessor-version":[{"id":2329,"href":"https:\/\/agora.xtec.cat\/esc-jmaragall-sabadell\/wp-json\/wp\/v2\/posts\/2327\/revisions\/2329"}],"wp:featuredmedia":[{"embeddable":true,"href":"https:\/\/agora.xtec.cat\/esc-jmaragall-sabadell\/wp-json\/wp\/v2\/media\/2328"}],"wp:attachment":[{"href":"https:\/\/agora.xtec.cat\/esc-jmaragall-sabadell\/wp-json\/wp\/v2\/media?parent=2327"}],"wp:term":[{"taxonomy":"category","embeddable":true,"href":"https:\/\/agora.xtec.cat\/esc-jmaragall-sabadell\/wp-json\/wp\/v2\/categories?post=2327"},{"taxonomy":"post_tag","embeddable":true,"href":"https:\/\/agora.xtec.cat\/esc-jmaragall-sabadell\/wp-json\/wp\/v2\/tags?post=2327"}],"curies":[{"name":"wp","href":"https:\/\/api.w.org\/{rel}","templated":true}]}}