{"id":2309,"date":"2018-04-27T13:03:48","date_gmt":"2018-04-27T11:03:48","guid":{"rendered":"http:\/\/agora.xtec.cat\/esc-jmaragall-sabadell\/?p=2309"},"modified":"2018-05-02T09:24:32","modified_gmt":"2018-05-02T07:24:32","slug":"sortida-pista-atletisme-4t","status":"publish","type":"post","link":"https:\/\/agora.xtec.cat\/esc-jmaragall-sabadell\/portada\/sortida-pista-atletisme-4t\/","title":{"rendered":"SORTIDA PISTA ATLETISME 4T"},"content":{"rendered":"<p>Els\u00a0 nens i nenes de 4t vam anar les pistes d&#8217;atletisme i ens ho vam passar d&#8217;all\u00f2 m\u00e9s b\u00e9!<\/p>\n<p>Estem desitjant tornar-hi aviat!<\/p>\n<p>&nbsp;<\/p>\n<p><a href=\"http:\/\/agora.xtec.cat\/esc-jmaragall-sabadell\/wp-content\/uploads\/usu1082\/2018\/04\/foto-principal.jpg\"><img loading=\"lazy\" decoding=\"async\" class=\"alignnone size-large wp-image-2313\" src=\"http:\/\/agora.xtec.cat\/esc-jmaragall-sabadell\/wp-content\/uploads\/usu1082\/2018\/04\/foto-principal-1024x768.jpg\" alt=\"\" width=\"1024\" height=\"768\" srcset=\"https:\/\/agora.xtec.cat\/esc-jmaragall-sabadell\/wp-content\/uploads\/usu1082\/2018\/04\/foto-principal-1024x768.jpg 1024w, https:\/\/agora.xtec.cat\/esc-jmaragall-sabadell\/wp-content\/uploads\/usu1082\/2018\/04\/foto-principal-300x225.jpg 300w, https:\/\/agora.xtec.cat\/esc-jmaragall-sabadell\/wp-content\/uploads\/usu1082\/2018\/04\/foto-principal-768x576.jpg 768w, https:\/\/agora.xtec.cat\/esc-jmaragall-sabadell\/wp-content\/uploads\/usu1082\/2018\/04\/foto-principal-200x150.jpg 200w\" sizes=\"auto, (max-width: 1024px) 100vw, 1024px\" \/><\/a><a href=\"https:\/\/photos.google.com\/album\/AF1QipMT3jcq7AImlRpw_OfSPywUZHZxeUCsGiGg0jAw\" target=\"_blank\" rel=\"noopener noreferrer\">https:\/\/photos.google.com\/album\/AF1QipMT3jcq7AImlRpw_OfSPywUZHZxeUCsGiGg0jAw<\/a><\/p>\n","protected":false},"excerpt":{"rendered":"<p>Els\u00a0 nens i nenes de 4t vam anar les pistes d&#8217;atletisme i ens ho vam passar d&#8217;all\u00f2 m\u00e9s b\u00e9!<br \/>\nEstem desitjant tornar-hi aviat!<br \/>\n&nbsp;<br \/>\n<a href=\"http:\/\/agora.xtec.cat\/esc-jmaragall-sabadell\/wp-content\/uploads\/usu1082\/2018\/04\/foto-principal.jpg\"><\/a><a href=\"https:\/\/photos.google.com\/album\/AF1QipMT3jcq7AImlRpw_OfSPywUZHZxeUCsGiGg0jAw\" target=\"_blank\" rel=\"noopener noreferrer\">https:\/\/photos.google.com\/album\/AF1QipMT3jcq7AImlRpw_OfSPywUZHZxeUCsGiGg0jAw<\/a><\/p>\n","protected":false},"author":22,"featured_media":2313,"comment_status":"open","ping_status":"closed","sticky":false,"template":"","format":"standard","meta":{"_bbp_topic_count":0,"_bbp_reply_count":0,"_bbp_total_topic_count":0,"_bbp_total_reply_count":0,"_bbp_voice_count":0,"_bbp_anonymous_reply_count":0,"_bbp_topic_count_hidden":0,"_bbp_reply_count_hidden":0,"_bbp_forum_subforum_count":0,"footnotes":""},"categories":[4,12,58],"tags":[],"class_list":["post-2309","post","type-post","status-publish","format-standard","has-post-thumbnail","hentry","category-portada","category-prom20112020","category-prom20112020b"],"post_mailing_queue_ids":[],"_links":{"self":[{"href":"https:\/\/agora.xtec.cat\/esc-jmaragall-sabadell\/wp-json\/wp\/v2\/posts\/2309","targetHints":{"allow":["GET"]}}],"collection":[{"href":"https:\/\/agora.xtec.cat\/esc-jmaragall-sabadell\/wp-json\/wp\/v2\/posts"}],"about":[{"href":"https:\/\/agora.xtec.cat\/esc-jmaragall-sabadell\/wp-json\/wp\/v2\/types\/post"}],"author":[{"embeddable":true,"href":"https:\/\/agora.xtec.cat\/esc-jmaragall-sabadell\/wp-json\/wp\/v2\/users\/22"}],"replies":[{"embeddable":true,"href":"https:\/\/agora.xtec.cat\/esc-jmaragall-sabadell\/wp-json\/wp\/v2\/comments?post=2309"}],"version-history":[{"count":2,"href":"https:\/\/agora.xtec.cat\/esc-jmaragall-sabadell\/wp-json\/wp\/v2\/posts\/2309\/revisions"}],"predecessor-version":[{"id":2315,"href":"https:\/\/agora.xtec.cat\/esc-jmaragall-sabadell\/wp-json\/wp\/v2\/posts\/2309\/revisions\/2315"}],"wp:featuredmedia":[{"embeddable":true,"href":"https:\/\/agora.xtec.cat\/esc-jmaragall-sabadell\/wp-json\/wp\/v2\/media\/2313"}],"wp:attachment":[{"href":"https:\/\/agora.xtec.cat\/esc-jmaragall-sabadell\/wp-json\/wp\/v2\/media?parent=2309"}],"wp:term":[{"taxonomy":"category","embeddable":true,"href":"https:\/\/agora.xtec.cat\/esc-jmaragall-sabadell\/wp-json\/wp\/v2\/categories?post=2309"},{"taxonomy":"post_tag","embeddable":true,"href":"https:\/\/agora.xtec.cat\/esc-jmaragall-sabadell\/wp-json\/wp\/v2\/tags?post=2309"}],"curies":[{"name":"wp","href":"https:\/\/api.w.org\/{rel}","templated":true}]}}