{"id":2272,"date":"2018-04-23T22:14:35","date_gmt":"2018-04-23T20:14:35","guid":{"rendered":"http:\/\/agora.xtec.cat\/esc-jmaragall-sabadell\/?p=2272"},"modified":"2018-06-28T09:43:07","modified_gmt":"2018-06-28T07:43:07","slug":"sant-jordi-2018","status":"publish","type":"post","link":"https:\/\/agora.xtec.cat\/esc-jmaragall-sabadell\/general\/sant-jordi-2018\/","title":{"rendered":"Sant Jordi 2018"},"content":{"rendered":"<h1>Celebrem SANT JORDI<\/h1>\n<p><a href=\"http:\/\/agora.xtec.cat\/esc-jmaragall-sabadell\/wp-content\/uploads\/usu1082\/2018\/04\/DSC_0231.jpg\"><img loading=\"lazy\" decoding=\"async\" class=\"wp-image-2273 alignleft\" src=\"http:\/\/agora.xtec.cat\/esc-jmaragall-sabadell\/wp-content\/uploads\/usu1082\/2018\/04\/DSC_0231-1024x680.jpg\" alt=\"\" width=\"342\" height=\"227\" srcset=\"https:\/\/agora.xtec.cat\/esc-jmaragall-sabadell\/wp-content\/uploads\/usu1082\/2018\/04\/DSC_0231-1024x680.jpg 1024w, https:\/\/agora.xtec.cat\/esc-jmaragall-sabadell\/wp-content\/uploads\/usu1082\/2018\/04\/DSC_0231-300x199.jpg 300w, https:\/\/agora.xtec.cat\/esc-jmaragall-sabadell\/wp-content\/uploads\/usu1082\/2018\/04\/DSC_0231-768x510.jpg 768w\" sizes=\"auto, (max-width: 342px) 100vw, 342px\" \/><\/a><\/p>\n<p>&nbsp;<\/p>\n<p>Avui, <strong>23 d&#8217;abril,<\/strong> l&#8217;<strong>Escola Joan Maragall<\/strong> ha celebrat Sant Jordi.<\/p>\n<p style=\"text-align: justify;\">Al llarg del mat\u00ed els alumnes i les alumnes de l&#8217;escola han pogut assistir a les diferents representacions teatrals de <em>&#8220;La llegenda de Sant Jordi<\/em>&#8221; que han preparat durant els \u00faltims mesos l&#8217;alumnat de cinqu\u00e8 amb el programa MUS-E amb l&#8217;ajut de l&#8217;artista del programa, N\u00faria.<\/p>\n<p style=\"text-align: center;\"><iframe loading=\"lazy\" src=\"https:\/\/drive.google.com\/file\/d\/1ix6Yw1EtXI75e5dhDWcjXX192s60geJg\/preview\" width=\"640\" height=\"480\"><\/iframe><\/p>\n<p style=\"text-align: center;\"><iframe loading=\"lazy\" src=\"https:\/\/drive.google.com\/file\/d\/1ZV4D6QW3DtXpZvDKuDBjn_Cxd3emhiuu\/preview\" width=\"640\" height=\"480\"><\/iframe><\/p>\n<p style=\"text-align: justify;\"><a href=\"http:\/\/agora.xtec.cat\/esc-jmaragall-sabadell\/wp-content\/uploads\/usu1082\/2018\/04\/DSC_0283.jpg\"><img loading=\"lazy\" decoding=\"async\" class=\"wp-image-2274 alignright\" src=\"http:\/\/agora.xtec.cat\/esc-jmaragall-sabadell\/wp-content\/uploads\/usu1082\/2018\/04\/DSC_0283-1024x680.jpg\" alt=\"\" width=\"473\" height=\"314\" srcset=\"https:\/\/agora.xtec.cat\/esc-jmaragall-sabadell\/wp-content\/uploads\/usu1082\/2018\/04\/DSC_0283-1024x680.jpg 1024w, https:\/\/agora.xtec.cat\/esc-jmaragall-sabadell\/wp-content\/uploads\/usu1082\/2018\/04\/DSC_0283-300x199.jpg 300w, https:\/\/agora.xtec.cat\/esc-jmaragall-sabadell\/wp-content\/uploads\/usu1082\/2018\/04\/DSC_0283-768x510.jpg 768w\" sizes=\"auto, (max-width: 473px) 100vw, 473px\" \/><\/a>A continuaci\u00f3 s&#8217;ha fet entrega dels premis dels guanyadors del Concurs literari de Sant Jordi de l&#8217;Escola.<\/p>\n<p style=\"text-align: justify;\">Els guardonats han estat: <em>Aya Ajouray, Aboubacar Sofiana i Mariem Kabouri de primer, Soumaya Ben Mouhi, Fatu Souane i Mariam Ben Amar de segon, Layla Outghazaft, Samara Santiago i Mohamed Asttaf de tercer, Ahmed Ez Zahraouy, Safae Ouacha, Reda Outata de quart, Yasmina Asttaf, Aicha Asttaf i Kati Coulibaly de Cicle Superior.<\/em><\/p>\n<p style=\"text-align: justify;\"><strong>Enhorabona!<\/strong><\/p>\n<p style=\"text-align: justify;\">El dia a continuat amb les danses del MUS-E i per a finalitzar tots hem pogut gaudir de realitzar diferents tallers medievals que ha preparat el professorat de l&#8217;Escola, l<strong>&#8216;AMPA de l&#8217;Escola Joan Maragall, l&#8217;Espai la Baldufa i la Casa Amaziga.<\/strong><\/p>\n<p style=\"text-align: center;\"><iframe loading=\"lazy\" src=\"https:\/\/drive.google.com\/file\/d\/16S-KooULvN9xYicFKVdJQ1UIdVgC0z79\/preview\" width=\"640\" height=\"480\"><\/iframe><\/p>\n<p style=\"text-align: justify;\">Gr\u00e0cies a tots!! Ha estat un dia genial! <a href=\"https:\/\/photos.app.goo.gl\/2RwD0gHJ7CJDe3g62\">Punxa AQU\u00cd per veure les fotos!<\/a><\/p>\n<p>&nbsp;<\/p>\n","protected":false},"excerpt":{"rendered":"<p>Sant Jordi 2018. Escola Joan Maragall.&hellip;  <a href=\"https:\/\/agora.xtec.cat\/esc-jmaragall-sabadell\/general\/sant-jordi-2018\/\" title=\"Read Sant Jordi 2018\">Llegeix m\u00e9s\u00bb<\/a><\/p>\n","protected":false},"author":1,"featured_media":2273,"comment_status":"open","ping_status":"closed","sticky":false,"template":"","format":"standard","meta":{"_bbp_topic_count":0,"_bbp_reply_count":0,"_bbp_total_topic_count":0,"_bbp_total_reply_count":0,"_bbp_voice_count":0,"_bbp_anonymous_reply_count":0,"_bbp_topic_count_hidden":0,"_bbp_reply_count_hidden":0,"_bbp_forum_subforum_count":0,"footnotes":""},"categories":[1,4],"tags":[],"class_list":["post-2272","post","type-post","status-publish","format-standard","has-post-thumbnail","hentry","category-general","category-portada"],"post_mailing_queue_ids":[],"_links":{"self":[{"href":"https:\/\/agora.xtec.cat\/esc-jmaragall-sabadell\/wp-json\/wp\/v2\/posts\/2272","targetHints":{"allow":["GET"]}}],"collection":[{"href":"https:\/\/agora.xtec.cat\/esc-jmaragall-sabadell\/wp-json\/wp\/v2\/posts"}],"about":[{"href":"https:\/\/agora.xtec.cat\/esc-jmaragall-sabadell\/wp-json\/wp\/v2\/types\/post"}],"author":[{"embeddable":true,"href":"https:\/\/agora.xtec.cat\/esc-jmaragall-sabadell\/wp-json\/wp\/v2\/users\/1"}],"replies":[{"embeddable":true,"href":"https:\/\/agora.xtec.cat\/esc-jmaragall-sabadell\/wp-json\/wp\/v2\/comments?post=2272"}],"version-history":[{"count":4,"href":"https:\/\/agora.xtec.cat\/esc-jmaragall-sabadell\/wp-json\/wp\/v2\/posts\/2272\/revisions"}],"predecessor-version":[{"id":2436,"href":"https:\/\/agora.xtec.cat\/esc-jmaragall-sabadell\/wp-json\/wp\/v2\/posts\/2272\/revisions\/2436"}],"wp:featuredmedia":[{"embeddable":true,"href":"https:\/\/agora.xtec.cat\/esc-jmaragall-sabadell\/wp-json\/wp\/v2\/media\/2273"}],"wp:attachment":[{"href":"https:\/\/agora.xtec.cat\/esc-jmaragall-sabadell\/wp-json\/wp\/v2\/media?parent=2272"}],"wp:term":[{"taxonomy":"category","embeddable":true,"href":"https:\/\/agora.xtec.cat\/esc-jmaragall-sabadell\/wp-json\/wp\/v2\/categories?post=2272"},{"taxonomy":"post_tag","embeddable":true,"href":"https:\/\/agora.xtec.cat\/esc-jmaragall-sabadell\/wp-json\/wp\/v2\/tags?post=2272"}],"curies":[{"name":"wp","href":"https:\/\/api.w.org\/{rel}","templated":true}]}}