{"id":1748,"date":"2018-01-24T21:49:44","date_gmt":"2018-01-24T20:49:44","guid":{"rendered":"http:\/\/agora.xtec.cat\/esc-jmaragall-sabadell\/?p=1748"},"modified":"2018-01-30T10:32:14","modified_gmt":"2018-01-30T09:32:14","slug":"segonavictoria","status":"publish","type":"post","link":"https:\/\/agora.xtec.cat\/esc-jmaragall-sabadell\/general\/segonavictoria\/","title":{"rendered":"CONTINUEM GUANYANT!!"},"content":{"rendered":"<p style=\"text-align: center;\"><strong>SEGONA VICT\u00d2RIA CONSECUTIVA!<\/strong><\/p>\n<p style=\"text-align: justify;\">L&#8217;equip de B\u00e0squet de l&#8217;Escola Joan Maragall torna ha guanyar el partit de dissabte passat\u00a0 a l&#8217;escola Joanot Alisanda. El resultat va ser 28 a 45 a favor de l&#8217;equip visitant.<\/p>\n<p style=\"text-align: justify;\">Els de Can Puiggener han sumar tres punts m\u00e9s i ocupen ara la 7ena pla\u00e7a en la classificaci\u00f3.<\/p>\n<p style=\"text-align: left;\"><a href=\"http:\/\/agora.xtec.cat\/esc-jmaragall-sabadell\/wp-content\/uploads\/usu1082\/2018\/01\/IMG_20180124_213859.jpg\"><img loading=\"lazy\" decoding=\"async\" class=\"alignnone size-large wp-image-1749\" src=\"http:\/\/agora.xtec.cat\/esc-jmaragall-sabadell\/wp-content\/uploads\/usu1082\/2018\/01\/IMG_20180124_213859-1024x644.jpg\" alt=\"\" width=\"1024\" height=\"644\" srcset=\"https:\/\/agora.xtec.cat\/esc-jmaragall-sabadell\/wp-content\/uploads\/usu1082\/2018\/01\/IMG_20180124_213859-1024x644.jpg 1024w, https:\/\/agora.xtec.cat\/esc-jmaragall-sabadell\/wp-content\/uploads\/usu1082\/2018\/01\/IMG_20180124_213859-300x189.jpg 300w, https:\/\/agora.xtec.cat\/esc-jmaragall-sabadell\/wp-content\/uploads\/usu1082\/2018\/01\/IMG_20180124_213859-768x483.jpg 768w\" sizes=\"auto, (max-width: 1024px) 100vw, 1024px\" \/><\/a><span style=\"font-family: inherit; font-size: 1em; text-align: justify;\">\u00a0<\/span><\/p>\n<p style=\"text-align: left;\"><span style=\"font-family: inherit; font-size: 1em; text-align: justify;\">Els jugadors de l&#8217;EJM han millorat en punteria aconseguint aix\u00ed m\u00e9s punts per\u00f2, encara s&#8217;adormen en defensa!\u00a0<\/span><\/p>\n<p style=\"text-align: left;\">Tindran una nova oportunitat dissabte contra lEscola Cifuentes en casa!!!????????<\/p>\n<p>&nbsp;<\/p>\n","protected":false},"excerpt":{"rendered":"<p>Segona vict\u00f2ria consecutiva de l&#8217;EBJM!?????&hellip;  <a href=\"https:\/\/agora.xtec.cat\/esc-jmaragall-sabadell\/general\/segonavictoria\/\" title=\"Read CONTINUEM GUANYANT!!\">Llegeix m\u00e9s\u00bb<\/a><\/p>\n","protected":false},"author":1,"featured_media":1749,"comment_status":"open","ping_status":"closed","sticky":false,"template":"","format":"standard","meta":{"_bbp_topic_count":0,"_bbp_reply_count":0,"_bbp_total_topic_count":0,"_bbp_total_reply_count":0,"_bbp_voice_count":0,"_bbp_anonymous_reply_count":0,"_bbp_topic_count_hidden":0,"_bbp_reply_count_hidden":0,"_bbp_forum_subforum_count":0,"footnotes":""},"categories":[153,1,4],"tags":[157,156,155],"class_list":["post-1748","post","type-post","status-publish","format-standard","has-post-thumbnail","hentry","category-basket-maragall","category-general","category-portada","tag-basket-maragall","tag-esport-sabadell","tag-lliga-de-basquet"],"post_mailing_queue_ids":[],"_links":{"self":[{"href":"https:\/\/agora.xtec.cat\/esc-jmaragall-sabadell\/wp-json\/wp\/v2\/posts\/1748","targetHints":{"allow":["GET"]}}],"collection":[{"href":"https:\/\/agora.xtec.cat\/esc-jmaragall-sabadell\/wp-json\/wp\/v2\/posts"}],"about":[{"href":"https:\/\/agora.xtec.cat\/esc-jmaragall-sabadell\/wp-json\/wp\/v2\/types\/post"}],"author":[{"embeddable":true,"href":"https:\/\/agora.xtec.cat\/esc-jmaragall-sabadell\/wp-json\/wp\/v2\/users\/1"}],"replies":[{"embeddable":true,"href":"https:\/\/agora.xtec.cat\/esc-jmaragall-sabadell\/wp-json\/wp\/v2\/comments?post=1748"}],"version-history":[{"count":3,"href":"https:\/\/agora.xtec.cat\/esc-jmaragall-sabadell\/wp-json\/wp\/v2\/posts\/1748\/revisions"}],"predecessor-version":[{"id":1782,"href":"https:\/\/agora.xtec.cat\/esc-jmaragall-sabadell\/wp-json\/wp\/v2\/posts\/1748\/revisions\/1782"}],"wp:featuredmedia":[{"embeddable":true,"href":"https:\/\/agora.xtec.cat\/esc-jmaragall-sabadell\/wp-json\/wp\/v2\/media\/1749"}],"wp:attachment":[{"href":"https:\/\/agora.xtec.cat\/esc-jmaragall-sabadell\/wp-json\/wp\/v2\/media?parent=1748"}],"wp:term":[{"taxonomy":"category","embeddable":true,"href":"https:\/\/agora.xtec.cat\/esc-jmaragall-sabadell\/wp-json\/wp\/v2\/categories?post=1748"},{"taxonomy":"post_tag","embeddable":true,"href":"https:\/\/agora.xtec.cat\/esc-jmaragall-sabadell\/wp-json\/wp\/v2\/tags?post=1748"}],"curies":[{"name":"wp","href":"https:\/\/api.w.org\/{rel}","templated":true}]}}