{"id":1730,"date":"2018-01-18T13:50:09","date_gmt":"2018-01-18T12:50:09","guid":{"rendered":"http:\/\/agora.xtec.cat\/esc-jmaragall-sabadell\/?p=1730"},"modified":"2018-01-22T10:23:20","modified_gmt":"2018-01-22T09:23:20","slug":"ultimes-noticies-del-projecte-musical","status":"publish","type":"post","link":"https:\/\/agora.xtec.cat\/esc-jmaragall-sabadell\/general\/ultimes-noticies-del-projecte-musical\/","title":{"rendered":"\u00daltimes noticies del projecte MUSICAL"},"content":{"rendered":"<p style=\"text-align: left;\"><strong>Les <\/strong><strong>tasques pendents:<\/strong><\/p>\n<p style=\"text-align: left;\"><strong>Difusi\u00f3: Ens falta assegurar el dia del musical i estem planificant les sessions que ens queden .\u00a0 <\/strong><\/p>\n<p style=\"text-align: left;\"><strong>Redacci\u00f3: Estan acabant de redactar la hist\u00f2ria i acabar de descriure els personatges. <\/strong><\/p>\n<p style=\"text-align: left;\"><strong>M\u00fasica : Estan acabant d&#8217;escollir les m\u00fasiques i col.locant-les en les diferents escenes .<\/strong><\/p>\n<p style=\"text-align: left;\"><strong>Gesti\u00f3: Ja han enviat el correu a la Cristina preguntant-li que on farem el musical, si al gimn\u00e0s del cole o al centre c\u00edvic i estan esperant la resposta.Tamb\u00e9 estan calculant quants nens i nenes hi ha a l&#8217; escola per saber quantes fam\u00edlies caben.<\/strong><\/p>\n","protected":false},"excerpt":{"rendered":"<p>Les tasques pendents:<br \/>\nDifusi\u00f3: Ens falta assegurar el dia del musical i estem planificant les sessions que ens queden .\u00a0<br \/>\nRedacci\u00f3: Estan acabant de redactar la hist\u00f2ria i acabar de descriure els personatges.<br \/>\nM\u00fasica : Estan acabant d&#8217;escollir les m\u00fasiques i col.locant-les en les diferents escenes&hellip;  <a href=\"https:\/\/agora.xtec.cat\/esc-jmaragall-sabadell\/general\/ultimes-noticies-del-projecte-musical\/\" title=\"Read \u00daltimes noticies del projecte MUSICAL\">Llegeix m\u00e9s\u00bb<\/a><\/p>\n","protected":false},"author":1,"featured_media":0,"comment_status":"open","ping_status":"closed","sticky":false,"template":"","format":"standard","meta":{"_bbp_topic_count":0,"_bbp_reply_count":0,"_bbp_total_topic_count":0,"_bbp_total_reply_count":0,"_bbp_voice_count":0,"_bbp_anonymous_reply_count":0,"_bbp_topic_count_hidden":0,"_bbp_reply_count_hidden":0,"_bbp_forum_subforum_count":0,"footnotes":""},"categories":[14,1,61,4],"tags":[65,129,111],"class_list":["post-1730","post","type-post","status-publish","format-standard","hentry","category-exalumnes","category-general","category-musica","category-portada","tag-musica","tag-musical","tag-projecte"],"post_mailing_queue_ids":[],"_links":{"self":[{"href":"https:\/\/agora.xtec.cat\/esc-jmaragall-sabadell\/wp-json\/wp\/v2\/posts\/1730","targetHints":{"allow":["GET"]}}],"collection":[{"href":"https:\/\/agora.xtec.cat\/esc-jmaragall-sabadell\/wp-json\/wp\/v2\/posts"}],"about":[{"href":"https:\/\/agora.xtec.cat\/esc-jmaragall-sabadell\/wp-json\/wp\/v2\/types\/post"}],"author":[{"embeddable":true,"href":"https:\/\/agora.xtec.cat\/esc-jmaragall-sabadell\/wp-json\/wp\/v2\/users\/1"}],"replies":[{"embeddable":true,"href":"https:\/\/agora.xtec.cat\/esc-jmaragall-sabadell\/wp-json\/wp\/v2\/comments?post=1730"}],"version-history":[{"count":3,"href":"https:\/\/agora.xtec.cat\/esc-jmaragall-sabadell\/wp-json\/wp\/v2\/posts\/1730\/revisions"}],"predecessor-version":[{"id":1745,"href":"https:\/\/agora.xtec.cat\/esc-jmaragall-sabadell\/wp-json\/wp\/v2\/posts\/1730\/revisions\/1745"}],"wp:attachment":[{"href":"https:\/\/agora.xtec.cat\/esc-jmaragall-sabadell\/wp-json\/wp\/v2\/media?parent=1730"}],"wp:term":[{"taxonomy":"category","embeddable":true,"href":"https:\/\/agora.xtec.cat\/esc-jmaragall-sabadell\/wp-json\/wp\/v2\/categories?post=1730"},{"taxonomy":"post_tag","embeddable":true,"href":"https:\/\/agora.xtec.cat\/esc-jmaragall-sabadell\/wp-json\/wp\/v2\/tags?post=1730"}],"curies":[{"name":"wp","href":"https:\/\/api.w.org\/{rel}","templated":true}]}}