{"id":1717,"date":"2018-01-15T18:20:32","date_gmt":"2018-01-15T17:20:32","guid":{"rendered":"http:\/\/agora.xtec.cat\/esc-jmaragall-sabadell\/?p=1717"},"modified":"2018-01-15T20:35:19","modified_gmt":"2018-01-15T19:35:19","slug":"primera-victoria-del-2018","status":"publish","type":"post","link":"https:\/\/agora.xtec.cat\/esc-jmaragall-sabadell\/general\/primera-victoria-del-2018\/","title":{"rendered":"Primera vict\u00f2ria del 2018!"},"content":{"rendered":"<h1 style=\"text-align: center;\">L&#8217;Equip de B\u00e0squet de l&#8217;Escola Joan Maragall comen\u00e7a l&#8217;any amb una nova vict\u00f2ria. <a href=\"http:\/\/agora.xtec.cat\/esc-jmaragall-sabadell\/wp-content\/uploads\/usu1082\/2018\/01\/IMG_20180113_213517.jpg\"><img loading=\"lazy\" decoding=\"async\" class=\"alignnone size-large wp-image-1719\" src=\"http:\/\/agora.xtec.cat\/esc-jmaragall-sabadell\/wp-content\/uploads\/usu1082\/2018\/01\/IMG_20180113_213517-1024x331.jpg\" alt=\"\" width=\"1024\" height=\"331\" srcset=\"https:\/\/agora.xtec.cat\/esc-jmaragall-sabadell\/wp-content\/uploads\/usu1082\/2018\/01\/IMG_20180113_213517-1024x331.jpg 1024w, https:\/\/agora.xtec.cat\/esc-jmaragall-sabadell\/wp-content\/uploads\/usu1082\/2018\/01\/IMG_20180113_213517-300x97.jpg 300w, https:\/\/agora.xtec.cat\/esc-jmaragall-sabadell\/wp-content\/uploads\/usu1082\/2018\/01\/IMG_20180113_213517-768x248.jpg 768w\" sizes=\"auto, (max-width: 1024px) 100vw, 1024px\" \/><\/a><\/h1>\n<p>&nbsp;<\/p>\n<p style=\"text-align: justify;\">El passat dissabte <em>13 de gene<\/em>r es va disputar la<em> vuitena<\/em> jornada de la lliga de b\u00e0squet ale<a href=\"http:\/\/agora.xtec.cat\/esc-jmaragall-sabadell\/wp-content\/uploads\/usu1082\/2018\/01\/IMG_20180113_213327.jpg\"><img loading=\"lazy\" decoding=\"async\" class=\"wp-image-1718 alignleft\" src=\"http:\/\/agora.xtec.cat\/esc-jmaragall-sabadell\/wp-content\/uploads\/usu1082\/2018\/01\/IMG_20180113_213327-1024x640.jpg\" alt=\"\" width=\"415\" height=\"260\" srcset=\"https:\/\/agora.xtec.cat\/esc-jmaragall-sabadell\/wp-content\/uploads\/usu1082\/2018\/01\/IMG_20180113_213327-1024x640.jpg 1024w, https:\/\/agora.xtec.cat\/esc-jmaragall-sabadell\/wp-content\/uploads\/usu1082\/2018\/01\/IMG_20180113_213327-300x188.jpg 300w, https:\/\/agora.xtec.cat\/esc-jmaragall-sabadell\/wp-content\/uploads\/usu1082\/2018\/01\/IMG_20180113_213327-768x480.jpg 768w\" sizes=\"auto, (max-width: 415px) 100vw, 415px\" \/><\/a>v\u00ed del Consell Esportiu de Sabadell on l&#8217;equip de b\u00e0squet de l&#8217;<strong>Escola Joan Maragall<\/strong> jugava contra el &#8220;<strong>Club de B\u00e0squet Creu Alta Sabadell A<\/strong>&#8221; a la nostra escola.<\/p>\n<p style=\"text-align: justify;\">L&#8217;Equip de l&#8217;Escola Joan Maragall presentava la seg\u00fcent alineaci\u00f3: <em>Rania Tayi Loubna Ben Amar, Jetro Conseiga, Malang Manneh, Youssef al Gannay, Sara Balota, Fanta Diatta, Mame Gueye, Khady Gueye i Fatoumata Bangoura<\/em>.<\/p>\n<p style=\"text-align: justify;\">L&#8217;equip local es va mostrar for\u00e7a organitzat des de l&#8217;inici del partit fins el final en les estrat\u00e8gies ofensives, encara cal millorar en defensa.<\/p>\n<p style=\"text-align: justify;\">El resultat va ser <strong>51 a 34<\/strong> favorable a l&#8217;equip local.<\/p>\n<p style=\"text-align: justify;\">La propera jornada es disputar\u00e0 el proper dissabte a l&#8217;<strong>Escola Joanot Alisanda<\/strong>, esperem obtenir un bon resultat!<\/p>\n<p>&nbsp;<\/p>\n","protected":false},"excerpt":{"rendered":"<p>L&#8217;Equip de B\u00e0squet de l&#8217;Escola Joan Maragall comen\u00e7a l&#8217;any amb una nova vict\u00f2ria.&hellip;  <a href=\"https:\/\/agora.xtec.cat\/esc-jmaragall-sabadell\/general\/primera-victoria-del-2018\/\" title=\"Read Primera vict\u00f2ria del 2018!\">Llegeix m\u00e9s\u00bb<\/a><\/p>\n","protected":false},"author":1,"featured_media":1718,"comment_status":"open","ping_status":"closed","sticky":false,"template":"","format":"standard","meta":{"_bbp_topic_count":0,"_bbp_reply_count":0,"_bbp_total_topic_count":0,"_bbp_total_reply_count":0,"_bbp_voice_count":0,"_bbp_anonymous_reply_count":0,"_bbp_topic_count_hidden":0,"_bbp_reply_count_hidden":0,"_bbp_forum_subforum_count":0,"footnotes":""},"categories":[153,1,4],"tags":[],"class_list":["post-1717","post","type-post","status-publish","format-standard","has-post-thumbnail","hentry","category-basket-maragall","category-general","category-portada"],"post_mailing_queue_ids":[],"_links":{"self":[{"href":"https:\/\/agora.xtec.cat\/esc-jmaragall-sabadell\/wp-json\/wp\/v2\/posts\/1717","targetHints":{"allow":["GET"]}}],"collection":[{"href":"https:\/\/agora.xtec.cat\/esc-jmaragall-sabadell\/wp-json\/wp\/v2\/posts"}],"about":[{"href":"https:\/\/agora.xtec.cat\/esc-jmaragall-sabadell\/wp-json\/wp\/v2\/types\/post"}],"author":[{"embeddable":true,"href":"https:\/\/agora.xtec.cat\/esc-jmaragall-sabadell\/wp-json\/wp\/v2\/users\/1"}],"replies":[{"embeddable":true,"href":"https:\/\/agora.xtec.cat\/esc-jmaragall-sabadell\/wp-json\/wp\/v2\/comments?post=1717"}],"version-history":[{"count":1,"href":"https:\/\/agora.xtec.cat\/esc-jmaragall-sabadell\/wp-json\/wp\/v2\/posts\/1717\/revisions"}],"predecessor-version":[{"id":1720,"href":"https:\/\/agora.xtec.cat\/esc-jmaragall-sabadell\/wp-json\/wp\/v2\/posts\/1717\/revisions\/1720"}],"wp:featuredmedia":[{"embeddable":true,"href":"https:\/\/agora.xtec.cat\/esc-jmaragall-sabadell\/wp-json\/wp\/v2\/media\/1718"}],"wp:attachment":[{"href":"https:\/\/agora.xtec.cat\/esc-jmaragall-sabadell\/wp-json\/wp\/v2\/media?parent=1717"}],"wp:term":[{"taxonomy":"category","embeddable":true,"href":"https:\/\/agora.xtec.cat\/esc-jmaragall-sabadell\/wp-json\/wp\/v2\/categories?post=1717"},{"taxonomy":"post_tag","embeddable":true,"href":"https:\/\/agora.xtec.cat\/esc-jmaragall-sabadell\/wp-json\/wp\/v2\/tags?post=1717"}],"curies":[{"name":"wp","href":"https:\/\/api.w.org\/{rel}","templated":true}]}}