{"id":1610,"date":"2017-11-16T18:47:31","date_gmt":"2017-11-16T17:47:31","guid":{"rendered":"http:\/\/agora.xtec.cat\/esc-jmaragall-sabadell\/?p=1610"},"modified":"2017-11-16T18:54:34","modified_gmt":"2017-11-16T17:54:34","slug":"el-cantem-africa-ens-ve-a-veure","status":"publish","type":"post","link":"https:\/\/agora.xtec.cat\/esc-jmaragall-sabadell\/portada\/el-cantem-africa-ens-ve-a-veure\/","title":{"rendered":"El Cantem \u00c0frica ens ve a veure!"},"content":{"rendered":"<p>El passat dimarts 14 de novembre la Touty, el Sam i l&#8217;Iba ens van venir a veure a l&#8217;escola. Amb ells vam repassar les can\u00e7ons que ja sab\u00edem del Cantem \u00c0frica i vam aprendre alguna nova.<\/p>\n<p>Ens van ensenyar els instruments de percussi\u00f3 que utilitzen i tamb\u00e9 la Kora.<\/p>\n<p>Us deixem un petit v\u00eddeo perqu\u00e8 veieu com de b\u00e9 ens ho vam passar!<\/p>\n<p><iframe loading=\"lazy\" src=\"https:\/\/drive.google.com\/file\/d\/1rR6mBbutcoDVUgbRET-bgnMjeQUWlt27\/preview\" width=\"640\" height=\"480\"><\/iframe><\/p>\n","protected":false},"excerpt":{"rendered":"<p>El passat dimarts 14 de novembre la Touty, el Sam i l&#8217;Iba ens van venir a veure a l&#8217;escola. Amb ells vam repassar les can\u00e7ons que ja sab\u00edem del Cantem \u00c0frica i vam aprendre alguna nova.<br \/>\nEns van ensenyar els instruments de percussi\u00f3 que utilitzen i&hellip;  <a href=\"https:\/\/agora.xtec.cat\/esc-jmaragall-sabadell\/portada\/el-cantem-africa-ens-ve-a-veure\/\" title=\"Read El Cantem \u00c0frica ens ve a veure!\">Llegeix m\u00e9s\u00bb<\/a><\/p>\n","protected":false},"author":11,"featured_media":1612,"comment_status":"open","ping_status":"closed","sticky":false,"template":"","format":"standard","meta":{"_bbp_topic_count":0,"_bbp_reply_count":0,"_bbp_total_topic_count":0,"_bbp_total_reply_count":0,"_bbp_voice_count":0,"_bbp_anonymous_reply_count":0,"_bbp_topic_count_hidden":0,"_bbp_reply_count_hidden":0,"_bbp_forum_subforum_count":0,"footnotes":""},"categories":[61,4,13,59],"tags":[81,66,65,143,94],"class_list":["post-1610","post","type-post","status-publish","format-standard","has-post-thumbnail","hentry","category-musica","category-portada","category-2010-2019a","category-2010-2019b","tag-5e","tag-cantem-africa","tag-musica","tag-percussio-africana","tag-taller"],"post_mailing_queue_ids":[],"_links":{"self":[{"href":"https:\/\/agora.xtec.cat\/esc-jmaragall-sabadell\/wp-json\/wp\/v2\/posts\/1610","targetHints":{"allow":["GET"]}}],"collection":[{"href":"https:\/\/agora.xtec.cat\/esc-jmaragall-sabadell\/wp-json\/wp\/v2\/posts"}],"about":[{"href":"https:\/\/agora.xtec.cat\/esc-jmaragall-sabadell\/wp-json\/wp\/v2\/types\/post"}],"author":[{"embeddable":true,"href":"https:\/\/agora.xtec.cat\/esc-jmaragall-sabadell\/wp-json\/wp\/v2\/users\/11"}],"replies":[{"embeddable":true,"href":"https:\/\/agora.xtec.cat\/esc-jmaragall-sabadell\/wp-json\/wp\/v2\/comments?post=1610"}],"version-history":[{"count":1,"href":"https:\/\/agora.xtec.cat\/esc-jmaragall-sabadell\/wp-json\/wp\/v2\/posts\/1610\/revisions"}],"predecessor-version":[{"id":1611,"href":"https:\/\/agora.xtec.cat\/esc-jmaragall-sabadell\/wp-json\/wp\/v2\/posts\/1610\/revisions\/1611"}],"wp:featuredmedia":[{"embeddable":true,"href":"https:\/\/agora.xtec.cat\/esc-jmaragall-sabadell\/wp-json\/wp\/v2\/media\/1612"}],"wp:attachment":[{"href":"https:\/\/agora.xtec.cat\/esc-jmaragall-sabadell\/wp-json\/wp\/v2\/media?parent=1610"}],"wp:term":[{"taxonomy":"category","embeddable":true,"href":"https:\/\/agora.xtec.cat\/esc-jmaragall-sabadell\/wp-json\/wp\/v2\/categories?post=1610"},{"taxonomy":"post_tag","embeddable":true,"href":"https:\/\/agora.xtec.cat\/esc-jmaragall-sabadell\/wp-json\/wp\/v2\/tags?post=1610"}],"curies":[{"name":"wp","href":"https:\/\/api.w.org\/{rel}","templated":true}]}}