{"id":1526,"date":"2017-11-03T13:04:28","date_gmt":"2017-11-03T12:04:28","guid":{"rendered":"http:\/\/agora.xtec.cat\/esc-jmaragall-sabadell\/?p=1526"},"modified":"2017-11-03T13:10:21","modified_gmt":"2017-11-03T12:10:21","slug":"els-maragallxef-fem-un-pa-de-pessic","status":"publish","type":"post","link":"https:\/\/agora.xtec.cat\/esc-jmaragall-sabadell\/general\/els-maragallxef-fem-un-pa-de-pessic\/","title":{"rendered":"Els Maragallxef fem&#8230;..un pa de pessic!"},"content":{"rendered":"<p>Necessitem:<\/p>\n<ul>\n<li>1 iogurt de llimona<\/li>\n<li>2 mides de iogurt de sucre<\/li>\n<li>3 mides de iogurt de farina<\/li>\n<li>1 mida de iogurt d&#8217;oli<\/li>\n<li>3 ous<\/li>\n<li>1 sobre de llevat<\/li>\n<\/ul>\n<p>Com ho fem? Primer escalfem el forn a 180 graus, mentrestant anem a rentar-nos les mans.<\/p>\n<p>Posem tots els ingredients en un bol, remenem b\u00e9 i posem la massa al motlle, per\u00f2 abans li hem posat mantega perqu\u00e8 no s&#8217;enganxi. Tot al forn 30 minuts i fem la prova de la forquilla&#8230;.si quan punxem surt la forquilla bruta \u00e9s que el pa de pessic encara no est\u00e0 prou fet.<\/p>\n<p>Bon profit!<\/p>\n<p>Moltes felicitats Cristina!!!Estava bon\u00edssim!<\/p>\n<p><a href=\"http:\/\/agora.xtec.cat\/esc-jmaragall-sabadell\/wp-content\/uploads\/usu1082\/2017\/11\/IMG_74071.jpg\"><img loading=\"lazy\" decoding=\"async\" class=\"alignnone wp-image-1534 size-large\" src=\"http:\/\/agora.xtec.cat\/esc-jmaragall-sabadell\/wp-content\/uploads\/usu1082\/2017\/11\/IMG_74071-1024x768.jpg\" alt=\"\" width=\"1024\" height=\"768\" srcset=\"https:\/\/agora.xtec.cat\/esc-jmaragall-sabadell\/wp-content\/uploads\/usu1082\/2017\/11\/IMG_74071-1024x768.jpg 1024w, https:\/\/agora.xtec.cat\/esc-jmaragall-sabadell\/wp-content\/uploads\/usu1082\/2017\/11\/IMG_74071-300x225.jpg 300w, https:\/\/agora.xtec.cat\/esc-jmaragall-sabadell\/wp-content\/uploads\/usu1082\/2017\/11\/IMG_74071-768x576.jpg 768w, https:\/\/agora.xtec.cat\/esc-jmaragall-sabadell\/wp-content\/uploads\/usu1082\/2017\/11\/IMG_74071-200x150.jpg 200w\" sizes=\"auto, (max-width: 1024px) 100vw, 1024px\" \/><\/a><\/p>\n","protected":false},"excerpt":{"rendered":"<p>Necessitem:<\/p>\n<ul>\n<li>1 iogurt de llimona<\/li>\n<li>2 mides de iogurt de sucre<\/li>\n<li>3 mides de iogurt de farina<\/li>\n<li>1 mida de iogurt d&#8217;oli<\/li>\n<li>3 ous<\/li>\n<li>1 sobre de llevat<\/li>\n<\/ul>\n<p>Com ho fem? Primer escalfem el forn a 180 graus, mentrestant anem a rentar-nos les mans.<br \/>\nPosem tots els ingredients en un bol, remenem b\u00e9&hellip;  <a href=\"https:\/\/agora.xtec.cat\/esc-jmaragall-sabadell\/general\/els-maragallxef-fem-un-pa-de-pessic\/\" title=\"Read Els Maragallxef fem&#8230;..un pa de pessic!\">Llegeix m\u00e9s\u00bb<\/a><\/p>\n","protected":false},"author":14,"featured_media":1534,"comment_status":"open","ping_status":"closed","sticky":false,"template":"","format":"standard","meta":{"_bbp_topic_count":0,"_bbp_reply_count":0,"_bbp_total_topic_count":0,"_bbp_total_reply_count":0,"_bbp_voice_count":0,"_bbp_anonymous_reply_count":0,"_bbp_topic_count_hidden":0,"_bbp_reply_count_hidden":0,"_bbp_forum_subforum_count":0,"footnotes":""},"categories":[14,1,4,13,59],"tags":[81,82,137,87],"class_list":["post-1526","post","type-post","status-publish","format-standard","has-post-thumbnail","hentry","category-exalumnes","category-general","category-portada","category-2010-2019a","category-2010-2019b","tag-5e","tag-6e","tag-cuina","tag-recepta"],"post_mailing_queue_ids":[],"_links":{"self":[{"href":"https:\/\/agora.xtec.cat\/esc-jmaragall-sabadell\/wp-json\/wp\/v2\/posts\/1526","targetHints":{"allow":["GET"]}}],"collection":[{"href":"https:\/\/agora.xtec.cat\/esc-jmaragall-sabadell\/wp-json\/wp\/v2\/posts"}],"about":[{"href":"https:\/\/agora.xtec.cat\/esc-jmaragall-sabadell\/wp-json\/wp\/v2\/types\/post"}],"author":[{"embeddable":true,"href":"https:\/\/agora.xtec.cat\/esc-jmaragall-sabadell\/wp-json\/wp\/v2\/users\/14"}],"replies":[{"embeddable":true,"href":"https:\/\/agora.xtec.cat\/esc-jmaragall-sabadell\/wp-json\/wp\/v2\/comments?post=1526"}],"version-history":[{"count":3,"href":"https:\/\/agora.xtec.cat\/esc-jmaragall-sabadell\/wp-json\/wp\/v2\/posts\/1526\/revisions"}],"predecessor-version":[{"id":1538,"href":"https:\/\/agora.xtec.cat\/esc-jmaragall-sabadell\/wp-json\/wp\/v2\/posts\/1526\/revisions\/1538"}],"wp:featuredmedia":[{"embeddable":true,"href":"https:\/\/agora.xtec.cat\/esc-jmaragall-sabadell\/wp-json\/wp\/v2\/media\/1534"}],"wp:attachment":[{"href":"https:\/\/agora.xtec.cat\/esc-jmaragall-sabadell\/wp-json\/wp\/v2\/media?parent=1526"}],"wp:term":[{"taxonomy":"category","embeddable":true,"href":"https:\/\/agora.xtec.cat\/esc-jmaragall-sabadell\/wp-json\/wp\/v2\/categories?post=1526"},{"taxonomy":"post_tag","embeddable":true,"href":"https:\/\/agora.xtec.cat\/esc-jmaragall-sabadell\/wp-json\/wp\/v2\/tags?post=1526"}],"curies":[{"name":"wp","href":"https:\/\/api.w.org\/{rel}","templated":true}]}}