{"id":1433,"date":"2017-10-19T10:55:57","date_gmt":"2017-10-19T08:55:57","guid":{"rendered":"http:\/\/agora.xtec.cat\/esc-jmaragall-sabadell\/?p=1433"},"modified":"2017-10-26T09:45:34","modified_gmt":"2017-10-26T07:45:34","slug":"escollim-els-grups","status":"publish","type":"post","link":"https:\/\/agora.xtec.cat\/esc-jmaragall-sabadell\/portada\/escollim-els-grups\/","title":{"rendered":"El musical: escollim els grups"},"content":{"rendered":"<p>Avui hem escollit quina comissi\u00f3 volem. Despr\u00e9s hem decidit quina comissi\u00f3\u00a0 fa cadascun. Les comissions han quedat aix\u00ed:<\/p>\n<ul>\n<li><strong>Difusi\u00f3<\/strong>:Fanta, Modi, (Diego) , Rania, Loubna , Nor<\/li>\n<li><strong>Decoraci\u00f3 i vestuari<\/strong>:\u00a0 (Yassir), Rania, Aicha C ,Nor<\/li>\n<li><strong>M\u00fasica<\/strong>: Musa, Bouba, Rida, Chiristian,\u00a0 Jetro, Yassir, Rafi.<\/li>\n<li><strong>Gesti\u00f3<\/strong>: Hassan, Omar, Aicha C, Anouar, Youssef, (Ali).<\/li>\n<li><strong>Redacci\u00f3<\/strong>: Aicha A, Kati, (Marouan), Anouar ,Naela.<\/li>\n<li><strong>Dansa<\/strong>: Bouba, Rida, (Kati), Naela<\/li>\n<li><strong>Direcci\u00f3 teatral<\/strong>: Diego, (Musa), Alfonso<\/li>\n<\/ul>\n<p><img loading=\"lazy\" decoding=\"async\" class=\"size-large alignleft\" src=\"https:\/\/agb1212.files.wordpress.com\/2015\/04\/trans_mat.jpg\" width=\"320\" height=\"187\" \/><\/p>\n<p>&nbsp;<\/p>\n<p>&nbsp;<\/p>\n<p>&nbsp;<\/p>\n<p>&nbsp;<\/p>\n<p>&nbsp;<\/p>\n<p>Despr\u00e9s ens hem\u00a0 dividit en les comissions que comencem a treballar des d&#8217; avui que s\u00f3n: m\u00fasica, difusi\u00f3, gesti\u00f3 i redacci\u00f3.<\/p>\n<p>A la comissi\u00f3 de gesti\u00f3 van comen\u00e7ar a fer la carta per a enviar-la a direcci\u00f3 . Per veure si tenim diners a l&#8217;escola per que no hi ha diners suficients per a la castanyada i per al musical.<\/p>\n<p>&nbsp;<\/p>\n<p>Modi i Diego.<\/p>\n","protected":false},"excerpt":{"rendered":"<p>Avui hem escollit quina comissi\u00f3 volem. Despr\u00e9s hem decidit quina comissi\u00f3\u00a0 fa cadascun. Les comissions han quedat aix\u00ed:<\/p>\n<ul>\n<li>Difusi\u00f3:Fanta, Modi, (Diego) , Rania, Loubna , Nor<\/li>\n<li>Decoraci\u00f3 i vestuari:\u00a0 (Yassir), Rania, Aicha C ,Nor<\/li>\n<li>M\u00fasica: Musa, Bouba, Rida, Chiristian,\u00a0 Jetro, Yassir, Rafi.<\/li>\n<li>Gesti\u00f3: Hassan, Omar, Aicha C, Anouar, Youssef,&hellip;  <a href=\"https:\/\/agora.xtec.cat\/esc-jmaragall-sabadell\/portada\/escollim-els-grups\/\" title=\"Read El musical: escollim els grups\">Llegeix m\u00e9s\u00bb<\/a><br \/>\n","protected":false},"author":1,"featured_media":1438,"comment_status":"open","ping_status":"closed","sticky":false,"template":"","format":"standard","meta":{"_bbp_topic_count":0,"_bbp_reply_count":0,"_bbp_total_topic_count":0,"_bbp_total_reply_count":0,"_bbp_voice_count":0,"_bbp_anonymous_reply_count":0,"_bbp_topic_count_hidden":0,"_bbp_reply_count_hidden":0,"_bbp_forum_subforum_count":0,"footnotes":""},"categories":[14,61,4],"tags":[82,65,129,111],"class_list":["post-1433","post","type-post","status-publish","format-standard","has-post-thumbnail","hentry","category-exalumnes","category-musica","category-portada","tag-6e","tag-musica","tag-musical","tag-projecte"],"post_mailing_queue_ids":[],"_links":{"self":[{"href":"https:\/\/agora.xtec.cat\/esc-jmaragall-sabadell\/wp-json\/wp\/v2\/posts\/1433","targetHints":{"allow":["GET"]}}],"collection":[{"href":"https:\/\/agora.xtec.cat\/esc-jmaragall-sabadell\/wp-json\/wp\/v2\/posts"}],"about":[{"href":"https:\/\/agora.xtec.cat\/esc-jmaragall-sabadell\/wp-json\/wp\/v2\/types\/post"}],"author":[{"embeddable":true,"href":"https:\/\/agora.xtec.cat\/esc-jmaragall-sabadell\/wp-json\/wp\/v2\/users\/1"}],"replies":[{"embeddable":true,"href":"https:\/\/agora.xtec.cat\/esc-jmaragall-sabadell\/wp-json\/wp\/v2\/comments?post=1433"}],"version-history":[{"count":3,"href":"https:\/\/agora.xtec.cat\/esc-jmaragall-sabadell\/wp-json\/wp\/v2\/posts\/1433\/revisions"}],"predecessor-version":[{"id":1455,"href":"https:\/\/agora.xtec.cat\/esc-jmaragall-sabadell\/wp-json\/wp\/v2\/posts\/1433\/revisions\/1455"}],"wp:featuredmedia":[{"embeddable":true,"href":"https:\/\/agora.xtec.cat\/esc-jmaragall-sabadell\/wp-json\/wp\/v2\/media\/1438"}],"wp:attachment":[{"href":"https:\/\/agora.xtec.cat\/esc-jmaragall-sabadell\/wp-json\/wp\/v2\/media?parent=1433"}],"wp:term":[{"taxonomy":"category","embeddable":true,"href":"https:\/\/agora.xtec.cat\/esc-jmaragall-sabadell\/wp-json\/wp\/v2\/categories?post=1433"},{"taxonomy":"post_tag","embeddable":true,"href":"https:\/\/agora.xtec.cat\/esc-jmaragall-sabadell\/wp-json\/wp\/v2\/tags?post=1433"}],"curies":[{"name":"wp","href":"https:\/\/api.w.org\/{rel}","templated":true}]}}