{"id":1432,"date":"2017-09-18T10:11:01","date_gmt":"2017-09-18T08:11:01","guid":{"rendered":"http:\/\/agora.xtec.cat\/esc-jmaragall-sabadell\/?p=1432"},"modified":"2017-10-19T10:35:14","modified_gmt":"2017-10-19T08:35:14","slug":"primer-dia-del-musical","status":"publish","type":"post","link":"https:\/\/agora.xtec.cat\/esc-jmaragall-sabadell\/portada\/primer-dia-del-musical\/","title":{"rendered":"Primer dia del musical"},"content":{"rendered":"<p><strong>Primer dia: Vam veure \u00a0v\u00eddeos\u00a0de musicals, despr\u00e9s ens vam posar en rotllana\u00a0i vam decidir que far\u00edem un musical. Vam parlar sobre qu\u00e8\u00a0era un musical i qu\u00e8 necessitar\u00edem per fer-lo. Vam comen\u00e7ar a crear les comissions.\u00a0<img loading=\"lazy\" decoding=\"async\" class=\"alignnone size-large\" src=\"https:\/\/i.ytimg.com\/vi\/bTTuIr4vnE0\/maxresdefault.jpg\" width=\"1280\" height=\"720\" \/><\/strong><\/p>\n<p>Fanta, Loubna i Rania<\/p>\n","protected":false},"excerpt":{"rendered":"<p>Primer dia: Vam veure \u00a0v\u00eddeos\u00a0de musicals, despr\u00e9s ens vam posar en rotllana\u00a0i vam decidir que far\u00edem un musical. Vam parlar sobre qu\u00e8\u00a0era un musical i qu\u00e8 necessitar\u00edem per fer-lo. Vam comen\u00e7ar a crear les comissions.\u00a0<br \/>\nFanta, Loubna i Rania<\/p>\n","protected":false},"author":11,"featured_media":1434,"comment_status":"open","ping_status":"closed","sticky":false,"template":"","format":"standard","meta":{"_bbp_topic_count":0,"_bbp_reply_count":0,"_bbp_total_topic_count":0,"_bbp_total_reply_count":0,"_bbp_voice_count":0,"_bbp_anonymous_reply_count":0,"_bbp_topic_count_hidden":0,"_bbp_reply_count_hidden":0,"_bbp_forum_subforum_count":0,"footnotes":""},"categories":[14,61,4],"tags":[82,65,129,111],"class_list":["post-1432","post","type-post","status-publish","format-standard","has-post-thumbnail","hentry","category-exalumnes","category-musica","category-portada","tag-6e","tag-musica","tag-musical","tag-projecte"],"post_mailing_queue_ids":[],"_links":{"self":[{"href":"https:\/\/agora.xtec.cat\/esc-jmaragall-sabadell\/wp-json\/wp\/v2\/posts\/1432","targetHints":{"allow":["GET"]}}],"collection":[{"href":"https:\/\/agora.xtec.cat\/esc-jmaragall-sabadell\/wp-json\/wp\/v2\/posts"}],"about":[{"href":"https:\/\/agora.xtec.cat\/esc-jmaragall-sabadell\/wp-json\/wp\/v2\/types\/post"}],"author":[{"embeddable":true,"href":"https:\/\/agora.xtec.cat\/esc-jmaragall-sabadell\/wp-json\/wp\/v2\/users\/11"}],"replies":[{"embeddable":true,"href":"https:\/\/agora.xtec.cat\/esc-jmaragall-sabadell\/wp-json\/wp\/v2\/comments?post=1432"}],"version-history":[{"count":1,"href":"https:\/\/agora.xtec.cat\/esc-jmaragall-sabadell\/wp-json\/wp\/v2\/posts\/1432\/revisions"}],"predecessor-version":[{"id":1435,"href":"https:\/\/agora.xtec.cat\/esc-jmaragall-sabadell\/wp-json\/wp\/v2\/posts\/1432\/revisions\/1435"}],"wp:featuredmedia":[{"embeddable":true,"href":"https:\/\/agora.xtec.cat\/esc-jmaragall-sabadell\/wp-json\/wp\/v2\/media\/1434"}],"wp:attachment":[{"href":"https:\/\/agora.xtec.cat\/esc-jmaragall-sabadell\/wp-json\/wp\/v2\/media?parent=1432"}],"wp:term":[{"taxonomy":"category","embeddable":true,"href":"https:\/\/agora.xtec.cat\/esc-jmaragall-sabadell\/wp-json\/wp\/v2\/categories?post=1432"},{"taxonomy":"post_tag","embeddable":true,"href":"https:\/\/agora.xtec.cat\/esc-jmaragall-sabadell\/wp-json\/wp\/v2\/tags?post=1432"}],"curies":[{"name":"wp","href":"https:\/\/api.w.org\/{rel}","templated":true}]}}