{"id":1428,"date":"2017-10-18T22:30:59","date_gmt":"2017-10-18T20:30:59","guid":{"rendered":"http:\/\/agora.xtec.cat\/esc-jmaragall-sabadell\/?p=1428"},"modified":"2017-10-18T22:30:59","modified_gmt":"2017-10-18T20:30:59","slug":"la-nota-si","status":"publish","type":"post","link":"https:\/\/agora.xtec.cat\/esc-jmaragall-sabadell\/antics-alumnes\/2010-2019a\/la-nota-si\/","title":{"rendered":"La nota si"},"content":{"rendered":"<p>Aqu<img loading=\"lazy\" decoding=\"async\" class=\"alignleft\" src=\"http:\/\/2.bp.blogspot.com\/-Ysg5RiVAmvk\/To4fU_kcXoI\/AAAAAAAAC2M\/0RZb1BGONag\/s1600\/flauta+si.jpg\" width=\"188\" height=\"244\" \/>estes primeres setmanes hem descobert la flauta dol\u00e7a. Hem apr\u00e9s que la m\u00e0 esquerra es posa a la part de dalt (3 forats superiors) i la dreta a la part de baix (4 forats inferiors) a m\u00e9s a m\u00e9s hem treballat la nota si.<\/p>\n<p>Hem practicat bona cosa amb aquesta can\u00e7\u00f3 que us presentem aqu\u00ed.<\/p>\n<p>&nbsp;<\/p>\n<p style=\"text-align: center;\">\n<p><iframe loading=\"lazy\" title=\"Wrong blues\" width=\"500\" height=\"375\" src=\"https:\/\/www.youtube.com\/embed\/q5f3ePE2dq0?feature=oembed\" frameborder=\"0\" allow=\"accelerometer; autoplay; clipboard-write; encrypted-media; gyroscope; picture-in-picture; web-share\" referrerpolicy=\"strict-origin-when-cross-origin\" allowfullscreen><\/iframe><\/p>\n<p>&nbsp;<\/p>\n","protected":false},"excerpt":{"rendered":"<p>Aquestes primeres setmanes hem descobert la flauta dol\u00e7a. Hem apr\u00e9s que la m\u00e0 esquerra es posa a la part de dalt (3 forats superiors) i la dreta a la part de baix (4 forats inferiors) a m\u00e9s a m\u00e9s hem treballat la nota si.<br \/>\nHem practicat&hellip;  <a href=\"https:\/\/agora.xtec.cat\/esc-jmaragall-sabadell\/antics-alumnes\/2010-2019a\/la-nota-si\/\" title=\"Read La nota si\">Llegeix m\u00e9s\u00bb<\/a><\/p>\n","protected":false},"author":11,"featured_media":1429,"comment_status":"open","ping_status":"closed","sticky":false,"template":"","format":"standard","meta":{"_bbp_topic_count":0,"_bbp_reply_count":0,"_bbp_total_topic_count":0,"_bbp_total_reply_count":0,"_bbp_voice_count":0,"_bbp_anonymous_reply_count":0,"_bbp_topic_count_hidden":0,"_bbp_reply_count_hidden":0,"_bbp_forum_subforum_count":0,"footnotes":""},"categories":[61,13,59],"tags":[127,128,99,65],"class_list":["post-1428","post","type-post","status-publish","format-standard","has-post-thumbnail","hentry","category-musica","category-2010-2019a","category-2010-2019b","tag-5ea","tag-5eb","tag-flauta","tag-musica"],"post_mailing_queue_ids":[],"_links":{"self":[{"href":"https:\/\/agora.xtec.cat\/esc-jmaragall-sabadell\/wp-json\/wp\/v2\/posts\/1428","targetHints":{"allow":["GET"]}}],"collection":[{"href":"https:\/\/agora.xtec.cat\/esc-jmaragall-sabadell\/wp-json\/wp\/v2\/posts"}],"about":[{"href":"https:\/\/agora.xtec.cat\/esc-jmaragall-sabadell\/wp-json\/wp\/v2\/types\/post"}],"author":[{"embeddable":true,"href":"https:\/\/agora.xtec.cat\/esc-jmaragall-sabadell\/wp-json\/wp\/v2\/users\/11"}],"replies":[{"embeddable":true,"href":"https:\/\/agora.xtec.cat\/esc-jmaragall-sabadell\/wp-json\/wp\/v2\/comments?post=1428"}],"version-history":[{"count":1,"href":"https:\/\/agora.xtec.cat\/esc-jmaragall-sabadell\/wp-json\/wp\/v2\/posts\/1428\/revisions"}],"predecessor-version":[{"id":1430,"href":"https:\/\/agora.xtec.cat\/esc-jmaragall-sabadell\/wp-json\/wp\/v2\/posts\/1428\/revisions\/1430"}],"wp:featuredmedia":[{"embeddable":true,"href":"https:\/\/agora.xtec.cat\/esc-jmaragall-sabadell\/wp-json\/wp\/v2\/media\/1429"}],"wp:attachment":[{"href":"https:\/\/agora.xtec.cat\/esc-jmaragall-sabadell\/wp-json\/wp\/v2\/media?parent=1428"}],"wp:term":[{"taxonomy":"category","embeddable":true,"href":"https:\/\/agora.xtec.cat\/esc-jmaragall-sabadell\/wp-json\/wp\/v2\/categories?post=1428"},{"taxonomy":"post_tag","embeddable":true,"href":"https:\/\/agora.xtec.cat\/esc-jmaragall-sabadell\/wp-json\/wp\/v2\/tags?post=1428"}],"curies":[{"name":"wp","href":"https:\/\/api.w.org\/{rel}","templated":true}]}}