{"id":1214,"date":"2017-05-26T00:11:58","date_gmt":"2017-05-25T22:11:58","guid":{"rendered":"http:\/\/agora.xtec.cat\/esc-jmaragall-sabadell\/?p=1214"},"modified":"2017-06-05T11:23:14","modified_gmt":"2017-06-05T09:23:14","slug":"inferim-amb-the-beatles","status":"publish","type":"post","link":"https:\/\/agora.xtec.cat\/esc-jmaragall-sabadell\/antics-alumnes\/inferim-amb-the-beatles\/","title":{"rendered":"Inferim amb The Beatles"},"content":{"rendered":"<p>Fa uns dies vam treballar la m\u00fasica popular i en \u00a0vam estar parlant dels The Beatles i de l\u2019estructura de les can\u00e7ons que composaven. Avui llegirem un text que parla de John Lennon i les seves aventures amb els The Beatles.<\/p>\n<ul>\n<li>Coneixeu el nom d\u2019algun component m\u00e9s d\u2019aquest grup?<\/li>\n<li>Recordeu a quin estil musical pertanyien? D\u2019on era aquest grup i perqu\u00e8 va revolucionar el m\u00f3n de la m\u00fasica?<\/li>\n<\/ul>\n<p><iframe loading=\"lazy\" src=\"https:\/\/drive.google.com\/file\/d\/0B5jveUAWG6wna0swZlk2Y1F0T3c\/preview\" width=\"640\" height=\"480\"><\/iframe><\/p>\n<p>Fragment d&#8217;EM DIC&#8230; John Lennon.\u00a0<em>Carmen Gil, Luisa Vera.\u00a0<\/em>E. Parram\u00f3n<\/p>\n<p>Amb aquesta lectura aprendrem a fer infer\u00e8ncies de les paraules i expressions que no coneixem a m\u00e9s d\u2019introduir-nos una mica en el m\u00f3n d\u2019aquest grup que va marcar tant la m\u00fasica popular.<\/p>\n<p>Ara us ensenyar\u00e9 com ho faig jo per fer infer\u00e8ncies:<\/p>\n<p>Llegeixo el dos primers par\u00e0grafs i com veieu\u00a0hi ha marcades unes paraules. Aquestes s\u00f3n les que en un principi no havia ent\u00e8s i per aix\u00f2 les he marcat:<\/p>\n<p><strong>popular, f<\/strong><strong>ans,\u00a0<\/strong><strong>aut\u00f2grafs<\/strong><\/p>\n<p>Amb el formulari que trobarem\u00a0sota de la lectura anirem escrivint les nostres infer\u00e8ncies tal i com ho he fet jo:<\/p>\n<p>Escrivim els noms dels dos membres de la parella i li donem a seg\u00fcent. A continuaci\u00f3 ens aniran apareixen les paraules una per una, caldr\u00e0 fer la infer\u00e8ncia i seleccionar a partir de qu\u00e8 hem fet la infer\u00e8ncia (1, 2 i\/o 3). En les seg\u00fcents imatges podeu veure com ho he fet jo. Aneu clicant seg\u00fcent fins a la \u00faltima paraula. Espero les vostres respostes!<\/p>\n<p><img loading=\"lazy\" decoding=\"async\" class=\"alignnone size-large wp-image-1232\" src=\"http:\/\/agora.xtec.cat\/esc-jmaragall-sabadell\/wp-content\/uploads\/usu1082\/2017\/05\/popular.jpg\" alt=\"popular\" width=\"548\" height=\"548\" srcset=\"https:\/\/agora.xtec.cat\/esc-jmaragall-sabadell\/wp-content\/uploads\/usu1082\/2017\/05\/popular.jpg 548w, https:\/\/agora.xtec.cat\/esc-jmaragall-sabadell\/wp-content\/uploads\/usu1082\/2017\/05\/popular-150x150.jpg 150w, https:\/\/agora.xtec.cat\/esc-jmaragall-sabadell\/wp-content\/uploads\/usu1082\/2017\/05\/popular-300x300.jpg 300w\" sizes=\"auto, (max-width: 548px) 100vw, 548px\" \/><\/p>\n<p><a href=\"http:\/\/agora.xtec.cat\/esc-jmaragall-sabadell\/wp-content\/uploads\/usu1082\/2017\/05\/fans.jpg\"><img loading=\"lazy\" decoding=\"async\" class=\"alignnone size-large wp-image-1231\" src=\"http:\/\/agora.xtec.cat\/esc-jmaragall-sabadell\/wp-content\/uploads\/usu1082\/2017\/05\/fans.jpg\" alt=\"fans\" width=\"543\" height=\"587\" srcset=\"https:\/\/agora.xtec.cat\/esc-jmaragall-sabadell\/wp-content\/uploads\/usu1082\/2017\/05\/fans.jpg 543w, https:\/\/agora.xtec.cat\/esc-jmaragall-sabadell\/wp-content\/uploads\/usu1082\/2017\/05\/fans-278x300.jpg 278w\" sizes=\"auto, (max-width: 543px) 100vw, 543px\" \/><\/a><\/p>\n<p><a href=\"http:\/\/agora.xtec.cat\/esc-jmaragall-sabadell\/wp-content\/uploads\/usu1082\/2017\/05\/autografs.jpg\"><img loading=\"lazy\" decoding=\"async\" class=\"alignnone size-full wp-image-1230\" src=\"http:\/\/agora.xtec.cat\/esc-jmaragall-sabadell\/wp-content\/uploads\/usu1082\/2017\/05\/autografs.jpg\" alt=\"autografs\" width=\"545\" height=\"573\" srcset=\"https:\/\/agora.xtec.cat\/esc-jmaragall-sabadell\/wp-content\/uploads\/usu1082\/2017\/05\/autografs.jpg 545w, https:\/\/agora.xtec.cat\/esc-jmaragall-sabadell\/wp-content\/uploads\/usu1082\/2017\/05\/autografs-285x300.jpg 285w\" sizes=\"auto, (max-width: 545px) 100vw, 545px\" \/><\/a><\/p>\n<p><iframe loading=\"lazy\" src=\"https:\/\/docs.google.com\/a\/xtec.cat\/forms\/d\/e\/1FAIpQLSdTw-0JQp7bfMhHuGv7zRJCdrRhWZnTVLuKqvnpRtvsJyde0w\/viewform?embedded=true\" width=\"760\" height=\"500\" frameborder=\"0\" marginwidth=\"0\" marginheight=\"0\">S&#8217;est\u00e0 carregant&#8230;<\/iframe><\/p>\n<p>Us deixo un v\u00eddeo d&#8217;un tema seu molt conegut.<\/p>\n<p><iframe loading=\"lazy\" title=\"The Beatles - Yellow Submarine (Reimagined animated opening sequence)\" width=\"500\" height=\"375\" src=\"https:\/\/www.youtube.com\/embed\/_oWxRJf7_kE?feature=oembed\" frameborder=\"0\" allow=\"accelerometer; autoplay; clipboard-write; encrypted-media; gyroscope; picture-in-picture; web-share\" referrerpolicy=\"strict-origin-when-cross-origin\" allowfullscreen><\/iframe><\/p>\n","protected":false},"excerpt":{"rendered":"<p>Fa uns dies vam treballar la m\u00fasica popular i en \u00a0vam estar parlant dels The Beatles i de l\u2019estructura de les can\u00e7ons que composaven. Avui llegirem un text que parla de John Lennon i les seves aventures amb els The Beatles.<\/p>\n<ul>\n<li>Coneixeu el nom d\u2019algun component&hellip;  <a href=\"https:\/\/agora.xtec.cat\/esc-jmaragall-sabadell\/antics-alumnes\/inferim-amb-the-beatles\/\" title=\"Read Inferim amb The Beatles\">Llegeix m\u00e9s\u00bb<\/a><br \/>\n","protected":false},"author":11,"featured_media":0,"comment_status":"open","ping_status":"closed","sticky":false,"template":"","format":"standard","meta":{"_bbp_topic_count":0,"_bbp_reply_count":0,"_bbp_total_topic_count":0,"_bbp_total_reply_count":0,"_bbp_voice_count":0,"_bbp_anonymous_reply_count":0,"_bbp_topic_count_hidden":0,"_bbp_reply_count_hidden":0,"_bbp_forum_subforum_count":0,"footnotes":""},"categories":[15,61],"tags":[82,106,105,109,107,108,110],"class_list":["post-1214","post","type-post","status-publish","format-standard","hentry","category-antics-alumnes","category-musica","tag-6e","tag-inferir","tag-lectura","tag-llegim","tag-musica-popular","tag-pop","tag-the-beatles"],"post_mailing_queue_ids":[],"_links":{"self":[{"href":"https:\/\/agora.xtec.cat\/esc-jmaragall-sabadell\/wp-json\/wp\/v2\/posts\/1214","targetHints":{"allow":["GET"]}}],"collection":[{"href":"https:\/\/agora.xtec.cat\/esc-jmaragall-sabadell\/wp-json\/wp\/v2\/posts"}],"about":[{"href":"https:\/\/agora.xtec.cat\/esc-jmaragall-sabadell\/wp-json\/wp\/v2\/types\/post"}],"author":[{"embeddable":true,"href":"https:\/\/agora.xtec.cat\/esc-jmaragall-sabadell\/wp-json\/wp\/v2\/users\/11"}],"replies":[{"embeddable":true,"href":"https:\/\/agora.xtec.cat\/esc-jmaragall-sabadell\/wp-json\/wp\/v2\/comments?post=1214"}],"version-history":[{"count":4,"href":"https:\/\/agora.xtec.cat\/esc-jmaragall-sabadell\/wp-json\/wp\/v2\/posts\/1214\/revisions"}],"predecessor-version":[{"id":1285,"href":"https:\/\/agora.xtec.cat\/esc-jmaragall-sabadell\/wp-json\/wp\/v2\/posts\/1214\/revisions\/1285"}],"wp:attachment":[{"href":"https:\/\/agora.xtec.cat\/esc-jmaragall-sabadell\/wp-json\/wp\/v2\/media?parent=1214"}],"wp:term":[{"taxonomy":"category","embeddable":true,"href":"https:\/\/agora.xtec.cat\/esc-jmaragall-sabadell\/wp-json\/wp\/v2\/categories?post=1214"},{"taxonomy":"post_tag","embeddable":true,"href":"https:\/\/agora.xtec.cat\/esc-jmaragall-sabadell\/wp-json\/wp\/v2\/tags?post=1214"}],"curies":[{"name":"wp","href":"https:\/\/api.w.org\/{rel}","templated":true}]}}