{"id":1119,"date":"2017-05-08T14:51:15","date_gmt":"2017-05-08T12:51:15","guid":{"rendered":"http:\/\/agora.xtec.cat\/esc-jmaragall-sabadell\/?p=1119"},"modified":"2017-05-11T22:11:37","modified_gmt":"2017-05-11T20:11:37","slug":"trobada-escolar-cantem-africa","status":"publish","type":"post","link":"https:\/\/agora.xtec.cat\/esc-jmaragall-sabadell\/portada\/trobada-escolar-cantem-africa\/","title":{"rendered":"Trobada escolar Cantem \u00c0frica"},"content":{"rendered":"<p>La coral de l&#8217;escola Joan Maragall participar\u00e0 el dijous 25 de maig a les 11:00 en la trobada escolar del Cantem \u00c0frica a la pla\u00e7a Sant Roc de Sabadell.<\/p>\n<p>Es cantaran les can\u00e7ons treballades durant aquests dos trimestres i compartirem repertori amb altres escoles de la ciutat.<\/p>\n<p>Ens agradaria molt que vingu\u00e9ssiu a veure&#8217;ns!<\/p>\n<p><a href=\"http:\/\/agora.xtec.cat\/esc-jmaragall-sabadell\/wp-content\/uploads\/usu1082\/2017\/05\/cartell-concert-25maig-cantem-2-peque\u00f1o.jpg\"><img loading=\"lazy\" decoding=\"async\" class=\"alignnone size-large wp-image-1122\" src=\"http:\/\/agora.xtec.cat\/esc-jmaragall-sabadell\/wp-content\/uploads\/usu1082\/2017\/05\/cartell-concert-25maig-cantem-2-peque\u00f1o-724x1024.jpg\" alt=\"cartell concert 25maig cantem 2 peque\u00f1o\" width=\"724\" height=\"1024\" srcset=\"https:\/\/agora.xtec.cat\/esc-jmaragall-sabadell\/wp-content\/uploads\/usu1082\/2017\/05\/cartell-concert-25maig-cantem-2-peque\u00f1o-724x1024.jpg 724w, https:\/\/agora.xtec.cat\/esc-jmaragall-sabadell\/wp-content\/uploads\/usu1082\/2017\/05\/cartell-concert-25maig-cantem-2-peque\u00f1o-212x300.jpg 212w, https:\/\/agora.xtec.cat\/esc-jmaragall-sabadell\/wp-content\/uploads\/usu1082\/2017\/05\/cartell-concert-25maig-cantem-2-peque\u00f1o-768x1086.jpg 768w\" sizes=\"auto, (max-width: 724px) 100vw, 724px\" \/><\/a><\/p>\n","protected":false},"excerpt":{"rendered":"<p>La coral de l&#8217;escola Joan Maragall participar\u00e0 el dijous 25 de maig a les 11:00 en la trobada escolar del Cantem \u00c0frica a la pla\u00e7a Sant Roc de Sabadell.<br \/>\nEs cantaran les can\u00e7ons treballades durant aquests dos trimestres i compartirem repertori amb altres escoles de la&hellip;  <a href=\"https:\/\/agora.xtec.cat\/esc-jmaragall-sabadell\/portada\/trobada-escolar-cantem-africa\/\" title=\"Read Trobada escolar Cantem \u00c0frica\">Llegeix m\u00e9s\u00bb<\/a><\/p>\n","protected":false},"author":11,"featured_media":1120,"comment_status":"open","ping_status":"open","sticky":false,"template":"","format":"standard","meta":{"_bbp_topic_count":0,"_bbp_reply_count":0,"_bbp_total_topic_count":0,"_bbp_total_reply_count":0,"_bbp_voice_count":0,"_bbp_anonymous_reply_count":0,"_bbp_topic_count_hidden":0,"_bbp_reply_count_hidden":0,"_bbp_forum_subforum_count":0,"footnotes":""},"categories":[60,61,4],"tags":[73,68,66,67,65,71,16],"class_list":["post-1119","post","type-post","status-publish","format-standard","has-post-thumbnail","hentry","category-coraleta","category-musica","category-portada","tag-canco","tag-cancons","tag-cantem-africa","tag-coraleta","tag-musica","tag-primaria","tag-sortides"],"post_mailing_queue_ids":[],"_links":{"self":[{"href":"https:\/\/agora.xtec.cat\/esc-jmaragall-sabadell\/wp-json\/wp\/v2\/posts\/1119","targetHints":{"allow":["GET"]}}],"collection":[{"href":"https:\/\/agora.xtec.cat\/esc-jmaragall-sabadell\/wp-json\/wp\/v2\/posts"}],"about":[{"href":"https:\/\/agora.xtec.cat\/esc-jmaragall-sabadell\/wp-json\/wp\/v2\/types\/post"}],"author":[{"embeddable":true,"href":"https:\/\/agora.xtec.cat\/esc-jmaragall-sabadell\/wp-json\/wp\/v2\/users\/11"}],"replies":[{"embeddable":true,"href":"https:\/\/agora.xtec.cat\/esc-jmaragall-sabadell\/wp-json\/wp\/v2\/comments?post=1119"}],"version-history":[{"count":2,"href":"https:\/\/agora.xtec.cat\/esc-jmaragall-sabadell\/wp-json\/wp\/v2\/posts\/1119\/revisions"}],"predecessor-version":[{"id":1123,"href":"https:\/\/agora.xtec.cat\/esc-jmaragall-sabadell\/wp-json\/wp\/v2\/posts\/1119\/revisions\/1123"}],"wp:featuredmedia":[{"embeddable":true,"href":"https:\/\/agora.xtec.cat\/esc-jmaragall-sabadell\/wp-json\/wp\/v2\/media\/1120"}],"wp:attachment":[{"href":"https:\/\/agora.xtec.cat\/esc-jmaragall-sabadell\/wp-json\/wp\/v2\/media?parent=1119"}],"wp:term":[{"taxonomy":"category","embeddable":true,"href":"https:\/\/agora.xtec.cat\/esc-jmaragall-sabadell\/wp-json\/wp\/v2\/categories?post=1119"},{"taxonomy":"post_tag","embeddable":true,"href":"https:\/\/agora.xtec.cat\/esc-jmaragall-sabadell\/wp-json\/wp\/v2\/tags?post=1119"}],"curies":[{"name":"wp","href":"https:\/\/api.w.org\/{rel}","templated":true}]}}