{"id":1060,"date":"2017-04-06T13:05:12","date_gmt":"2017-04-06T11:05:12","guid":{"rendered":"http:\/\/agora.xtec.cat\/esc-jmaragall-sabadell\/?p=1060"},"modified":"2017-04-06T13:31:12","modified_gmt":"2017-04-06T11:31:12","slug":"els-alumnes-de-cicle-superior-han-realitzat-stop-motion-sobre-el-circ","status":"publish","type":"post","link":"https:\/\/agora.xtec.cat\/esc-jmaragall-sabadell\/portada\/els-alumnes-de-cicle-superior-han-realitzat-stop-motion-sobre-el-circ\/","title":{"rendered":"Els Alumnes de Cicle Superior han realitzat Stop Motion sobre el Circ"},"content":{"rendered":"<p>Els nois i les noies de cinqu\u00e8 i sis\u00e8 durant la setmana cultural han fet un taller anomenat Stop Motion, amb les tablets i playm\u00f2bils, han inventat petites hist\u00f2ries relacionades amb el Circ (tema se la setmana cultural).<\/p>\n<p>Circ Maragall. Autors: Saray, Marouan, Ouessal i Ilias:<\/p>\n<div style=\"width: 640px;\" class=\"wp-video\"><!--[if lt IE 9]><script>document.createElement('video');<\/script><![endif]-->\n<video class=\"wp-video-shortcode\" id=\"video-1060-1\" width=\"640\" height=\"360\" preload=\"metadata\" controls=\"controls\"><source type=\"video\/mp4\" src=\"http:\/\/agora.xtec.cat\/esc-jmaragall-sabadell\/wp-content\/uploads\/usu1082\/2017\/04\/Circ-Maragall.mp4?_=1\" \/><a href=\"http:\/\/agora.xtec.cat\/esc-jmaragall-sabadell\/wp-content\/uploads\/usu1082\/2017\/04\/Circ-Maragall.mp4\">http:\/\/agora.xtec.cat\/esc-jmaragall-sabadell\/wp-content\/uploads\/usu1082\/2017\/04\/Circ-Maragall.mp4<\/a><\/video><\/div>\n<p>El Circ Malabarista: Autors: Aisha, Bouba, Bakary i Saqab<\/p>\n<div style=\"width: 640px;\" class=\"wp-video\"><video class=\"wp-video-shortcode\" id=\"video-1060-2\" width=\"640\" height=\"360\" preload=\"metadata\" controls=\"controls\"><source type=\"video\/mp4\" src=\"http:\/\/agora.xtec.cat\/esc-jmaragall-sabadell\/wp-content\/uploads\/usu1082\/2017\/04\/El-Circ-Malabarista.mp4?_=2\" \/><a href=\"http:\/\/agora.xtec.cat\/esc-jmaragall-sabadell\/wp-content\/uploads\/usu1082\/2017\/04\/El-Circ-Malabarista.mp4\">http:\/\/agora.xtec.cat\/esc-jmaragall-sabadell\/wp-content\/uploads\/usu1082\/2017\/04\/El-Circ-Malabarista.mp4<\/a><\/video><\/div>\n<p>El Circ del Joan Maragall. Autors: Alejandro, Aicha C., Rania i Rafi<\/p>\n<div style=\"width: 640px;\" class=\"wp-video\"><video class=\"wp-video-shortcode\" id=\"video-1060-3\" width=\"640\" height=\"360\" preload=\"metadata\" controls=\"controls\"><source type=\"video\/mp4\" src=\"http:\/\/agora.xtec.cat\/esc-jmaragall-sabadell\/wp-content\/uploads\/usu1082\/2017\/04\/El-circ-del-Joan-Maragall.mp4?_=3\" \/><a href=\"http:\/\/agora.xtec.cat\/esc-jmaragall-sabadell\/wp-content\/uploads\/usu1082\/2017\/04\/El-circ-del-Joan-Maragall.mp4\">http:\/\/agora.xtec.cat\/esc-jmaragall-sabadell\/wp-content\/uploads\/usu1082\/2017\/04\/El-circ-del-Joan-Maragall.mp4<\/a><\/video><\/div>\n<p>El Circ Roman. Autors: Kati, Anouar, Ali i Hassan<\/p>\n<div style=\"width: 640px;\" class=\"wp-video\"><video class=\"wp-video-shortcode\" id=\"video-1060-4\" width=\"640\" height=\"360\" preload=\"metadata\" controls=\"controls\"><source type=\"video\/mp4\" src=\"http:\/\/agora.xtec.cat\/esc-jmaragall-sabadell\/wp-content\/uploads\/usu1082\/2017\/04\/El-Circ-Roman.mp4?_=4\" \/><a href=\"http:\/\/agora.xtec.cat\/esc-jmaragall-sabadell\/wp-content\/uploads\/usu1082\/2017\/04\/El-Circ-Roman.mp4\">http:\/\/agora.xtec.cat\/esc-jmaragall-sabadell\/wp-content\/uploads\/usu1082\/2017\/04\/El-Circ-Roman.mp4<\/a><\/video><\/div>\n<p>Els artistes del circ. Autors: Loubna, Diego, Youssef i Christian<\/p>\n<div style=\"width: 640px;\" class=\"wp-video\"><video class=\"wp-video-shortcode\" id=\"video-1060-5\" width=\"640\" height=\"360\" preload=\"metadata\" controls=\"controls\"><source type=\"video\/mp4\" src=\"http:\/\/agora.xtec.cat\/esc-jmaragall-sabadell\/wp-content\/uploads\/usu1082\/2017\/04\/Els-artistes-de-circ.mp4?_=5\" \/><a href=\"http:\/\/agora.xtec.cat\/esc-jmaragall-sabadell\/wp-content\/uploads\/usu1082\/2017\/04\/Els-artistes-de-circ.mp4\">http:\/\/agora.xtec.cat\/esc-jmaragall-sabadell\/wp-content\/uploads\/usu1082\/2017\/04\/Els-artistes-de-circ.mp4<\/a><\/video><\/div>\n<p>&nbsp;<\/p>\n","protected":false},"excerpt":{"rendered":"<p>Els nois i les noies de cinqu\u00e8 i sis\u00e8 durant la setmana cultural han fet un taller anomenat Stop Motion, amb les tablets i playm\u00f2bils, han inventat petites hist\u00f2ries relacionades amb el Circ (tema se la setmana cultural).<br \/>\nCirc Maragall. Autors: Saray, Marouan, Ouessal i Ilias:<br \/>\n<a&hellip;  <a href=\"https:\/\/agora.xtec.cat\/esc-jmaragall-sabadell\/portada\/els-alumnes-de-cicle-superior-han-realitzat-stop-motion-sobre-el-circ\/\" title=\"Read Els Alumnes de Cicle Superior han realitzat Stop Motion sobre el Circ\">Llegeix m\u00e9s\u00bb<\/a><\/p>\n","protected":false},"author":5,"featured_media":0,"comment_status":"open","ping_status":"open","sticky":false,"template":"","format":"standard","meta":{"_bbp_topic_count":0,"_bbp_reply_count":0,"_bbp_total_topic_count":0,"_bbp_total_reply_count":0,"_bbp_voice_count":0,"_bbp_anonymous_reply_count":0,"_bbp_topic_count_hidden":0,"_bbp_reply_count_hidden":0,"_bbp_forum_subforum_count":0,"footnotes":""},"categories":[15,14,4,64],"tags":[81,82],"class_list":["post-1060","post","type-post","status-publish","format-standard","hentry","category-antics-alumnes","category-exalumnes","category-portada","category-setcultural","tag-5e","tag-6e"],"post_mailing_queue_ids":[],"_links":{"self":[{"href":"https:\/\/agora.xtec.cat\/esc-jmaragall-sabadell\/wp-json\/wp\/v2\/posts\/1060","targetHints":{"allow":["GET"]}}],"collection":[{"href":"https:\/\/agora.xtec.cat\/esc-jmaragall-sabadell\/wp-json\/wp\/v2\/posts"}],"about":[{"href":"https:\/\/agora.xtec.cat\/esc-jmaragall-sabadell\/wp-json\/wp\/v2\/types\/post"}],"author":[{"embeddable":true,"href":"https:\/\/agora.xtec.cat\/esc-jmaragall-sabadell\/wp-json\/wp\/v2\/users\/5"}],"replies":[{"embeddable":true,"href":"https:\/\/agora.xtec.cat\/esc-jmaragall-sabadell\/wp-json\/wp\/v2\/comments?post=1060"}],"version-history":[{"count":3,"href":"https:\/\/agora.xtec.cat\/esc-jmaragall-sabadell\/wp-json\/wp\/v2\/posts\/1060\/revisions"}],"predecessor-version":[{"id":1076,"href":"https:\/\/agora.xtec.cat\/esc-jmaragall-sabadell\/wp-json\/wp\/v2\/posts\/1060\/revisions\/1076"}],"wp:attachment":[{"href":"https:\/\/agora.xtec.cat\/esc-jmaragall-sabadell\/wp-json\/wp\/v2\/media?parent=1060"}],"wp:term":[{"taxonomy":"category","embeddable":true,"href":"https:\/\/agora.xtec.cat\/esc-jmaragall-sabadell\/wp-json\/wp\/v2\/categories?post=1060"},{"taxonomy":"post_tag","embeddable":true,"href":"https:\/\/agora.xtec.cat\/esc-jmaragall-sabadell\/wp-json\/wp\/v2\/tags?post=1060"}],"curies":[{"name":"wp","href":"https:\/\/api.w.org\/{rel}","templated":true}]}}